{"id":590812,"date":"2023-07-25T00:01:57","date_gmt":"2023-07-25T06:01:57","guid":{"rendered":"https:\/\/www.diarioimagen.net\/?p=590812"},"modified":"2023-07-26T02:22:26","modified_gmt":"2023-07-26T08:22:26","slug":"ine-y-el-tepjf-los-grandes-censores-que-quisieran-silenciarme-amlo","status":"publish","type":"post","link":"https:\/\/www.diarioimagen.net\/?p=590812","title":{"rendered":"INE y el TEPJF, los \u201cgrandes censores\u201d que quisieran silenciarme: AMLO"},"content":{"rendered":"<p>&nbsp;<\/p>\n<ul>\n<li><em><strong>Se queja de medidas cautelares por el proceso electoral<\/strong><\/em><\/li>\n<\/ul>\n<p>&nbsp;<\/p>\n<div id=\"attachment_590919\" style=\"width: 470px\" class=\"wp-caption aligncenter\"><a href=\"https:\/\/www.diarioimagen.net\/?attachment_id=590919\" rel=\"attachment wp-att-590919\"><img loading=\"lazy\" decoding=\"async\" aria-describedby=\"caption-attachment-590919\" class=\"size-full wp-image-590919\" src=\"https:\/\/www.diarioimagen.net\/wp-content\/uploads\/2023\/07\/amlo-9.jpg\" alt=\"\" width=\"460\" height=\"270\" \/><\/a><p id=\"caption-attachment-590919\" class=\"wp-caption-text\">El presidente Andr\u00e9s Manuel L\u00f3pez Obrador acus\u00f3 que el INE y el TEPJF est\u00e1n convertidos en sus \u201cgrandes censores\u201d y quisieran silenciarlo por completo.<\/p><\/div>\n<p>&nbsp;<\/p>\n<p>El Instituto Nacional Electoral (INE) y el Tribunal Electoral (TEPJF) est\u00e1n convertidos en los \u201cgrandes censores\u201d y quisieran silenciarme por completo, acus\u00f3 este lunes el presidente Andr\u00e9s Manuel L\u00f3pez Obrador en su ma\u00f1anera en Palacio Nacional. Por ello, dijo que present\u00f3 la secci\u00f3n \u201cNo lo digo yo\u201d, con la que intenta evadir las medidas cautelares que le dict\u00f3 el INE con respecto al proceso electoral en puerta y sus dichos sobre X\u00f3chitl G\u00e1lvez, a trav\u00e9s de la cual trata las \u201cmuchas cosas\u201d de las que ya no puede hablar.<\/p>\n<p>\u201cYa ven que hay la secci\u00f3n de `No lo digo yo\u00b4 porque ya tengo que andar con cuidado, tengo que estar muy atento, ahora estoy hablando hasta m\u00e1s despacio que de costumbre, no me vaya yo a camucar y est\u00e1n as\u00ed,\u00a0\u00a0INE, Tribunal Electoral, ya quisieran silenciarnos por completo\u201d, se\u00f1al\u00f3.<\/p>\n<p>Desde la semana pasada, L\u00f3pez Obrador dijo que el INE est\u00e1 convertido en la Santa Inquisici\u00f3n y en el Instituto de la censura Y es que la Comisi\u00f3n de Quejas y Denuncias del INE declar\u00f3 procedentes medidas cautelares solicitadas por la senadora X\u00f3chitl G\u00e1lvez por sus expresiones en temas electorales, que ordenan borrar fragmentos de ma\u00f1aneras y lo llaman a respetar la ley.<\/p>\n<p style=\"text-align: center;\"><strong>Tren del Istmo de pasajeros y carga<br \/>\noperar\u00e1n en septiembre: L\u00f3pez Obrador<br \/>\n<\/strong><\/p>\n<p>En otro tema, el presidente L\u00f3pez Obrador anunci\u00f3 que el tren del Istmo para pasajeros y carga estar\u00e1 rodando en septiembre. A la par, inform\u00f3 que 60 empresas se inscribieron para concursar por alguno de los cinco parques industriales que en principio se establecer\u00e1n en el llamado Corredor Interoce\u00e1nico. A una pregunta sobre el proyecto del Istmo de Tehuantepec \u2014que incluye el ferrocarril y los parques industriales\u2014, el mandatario federal respondi\u00f3 que prev\u00e9 que para septiembre est\u00e9 terminada la v\u00eda del tren de los puertos de Salina Cruz, Oaxaca, a Coatzacoalcos, Veracruz, con lo que se prev\u00e9 conectar el Pac\u00edfico con el Golfo. \u201cLos puertos se siguen modernizando y se sigue terminando ya de construir la v\u00eda de ferrocarril de Salina cruz a Coatzacoalcos, espero que en septiembre ya podamos transitar con un tren de pasajeros o tambi\u00e9n de carga.<\/p>\n<p>Ya vamos a tener para entonces, en septiembre, terminada la l\u00ednea de Salina Cruz a Coatzacoalcos\u201d, apunt\u00f3.<\/p>\n<p>En cuanto a los parques industriales (cinco se establecer\u00e1n en Veracruz y cinco en Oaxaca), el jefe del Ejecutivo federal apunt\u00f3 que ya se recibieron propuestas por parte de 60 firmas para competir por los primeros cinco desarrollos.<\/p>\n<p>\u201cCreo que pronto se va a resolver a qu\u00e9 empresas se les va a dar las concesiones de estos parques\u201d, subray\u00f3.<\/p>\n<p>L\u00f3pez Obrador confi\u00f3 en que cuando termine su administraci\u00f3n se pueda seguir con el proyecto de retomar el sistema ferroviario del pa\u00eds, pues este a\u00f1o se cumplen 150 a\u00f1os de la inauguraci\u00f3n en 1873 del primer tren de pasajeros que tuvo el pa\u00eds, que viajaba de la Ciudad de M\u00e9xico al puerto de Veracruz.<\/p>\n<p>\u201cHab\u00eda de M\u00e9xico a Veracruz, todo esto (la l\u00ednea f\u00e9rrea) hasta Yucat\u00e1n. Y en el Istmo, y este ramal hasta Guatemala, todo eso hab\u00eda, de pasajeros y desapareci\u00f3 (con la privatizaci\u00f3n en los 90). Ahora va a haber trenes de pasajeros, estamos recuperando 2 mil 500 kil\u00f3metros. Falta de aqu\u00ed (de la zona del Istmo) a Veracruz, y de Veracruz a la Ciudad de M\u00e9xico, de la Ciudad de M\u00e9xico a Quer\u00e9taro y luego a San Luis y a la frontera. Y hay que continuar. Y adem\u00e1s se tiene que continuar el proyecto, yo espero que siga adelante porque s\u00ed es muy importante el tren\u201d, dijo.<\/p>\n<p>El presidente refiri\u00f3 que en lo que va de este a\u00f1o ha realizado 14 visitas de supervisi\u00f3n a la zona del Tren Maya, las cuales continuar\u00e1n hasta la inauguraci\u00f3n del proyecto, que se espera est\u00e9 listo en diciembre de este a\u00f1o. \u201cVa bien, vamos bastante bien, pero s\u00ed, yo creo que es una etapa nueva y se est\u00e1 iniciando lo de los trenes y se van a seguir construyendo hacia adelante\u201d, estim\u00f3.<\/p>\n","protected":false},"excerpt":{"rendered":"<p>El Instituto Nacional Electoral (INE) y el Tribunal Electoral (TEPJF) est\u00e1n convertidos en los \u201cgrandes censores\u201d y quisieran silenciarme por completo, acus\u00f3 este lunes el presidente Andr\u00e9s Manuel L\u00f3pez Obrador en su ma\u00f1anera en Palacio Nacional. Por ello, dijo que present\u00f3 la secci\u00f3n \u201cNo lo digo yo\u201d, con la que intenta evadir las medidas cautelares que le dict\u00f3 el INE con respecto al proceso electoral en puerta y sus dichos sobre X\u00f3chitl G\u00e1lvez, a trav\u00e9s de la cual trata las \u201cmuchas cosas\u201d de las que ya no puede hablar.<\/p>\n","protected":false},"author":3,"featured_media":590919,"comment_status":"open","ping_status":"open","sticky":false,"template":"","format":"standard","meta":{"_monsterinsights_skip_tracking":false,"_monsterinsights_sitenote_active":false,"_monsterinsights_sitenote_note":"","_monsterinsights_sitenote_category":0,"footnotes":""},"categories":[3],"tags":[2545,29347,43673,4644],"class_list":["post-590812","post","type-post","status-publish","format-standard","has-post-thumbnail","hentry","category-nacional","tag-amlo","tag-ine","tag-nacional","tag-tepjf"],"_links":{"self":[{"href":"https:\/\/www.diarioimagen.net\/index.php?rest_route=\/wp\/v2\/posts\/590812","targetHints":{"allow":["GET"]}}],"collection":[{"href":"https:\/\/www.diarioimagen.net\/index.php?rest_route=\/wp\/v2\/posts"}],"about":[{"href":"https:\/\/www.diarioimagen.net\/index.php?rest_route=\/wp\/v2\/types\/post"}],"author":[{"embeddable":true,"href":"https:\/\/www.diarioimagen.net\/index.php?rest_route=\/wp\/v2\/users\/3"}],"replies":[{"embeddable":true,"href":"https:\/\/www.diarioimagen.net\/index.php?rest_route=%2Fwp%2Fv2%2Fcomments&post=590812"}],"version-history":[{"count":0,"href":"https:\/\/www.diarioimagen.net\/index.php?rest_route=\/wp\/v2\/posts\/590812\/revisions"}],"wp:featuredmedia":[{"embeddable":true,"href":"https:\/\/www.diarioimagen.net\/index.php?rest_route=\/wp\/v2\/media\/590919"}],"wp:attachment":[{"href":"https:\/\/www.diarioimagen.net\/index.php?rest_route=%2Fwp%2Fv2%2Fmedia&parent=590812"}],"wp:term":[{"taxonomy":"category","embeddable":true,"href":"https:\/\/www.diarioimagen.net\/index.php?rest_route=%2Fwp%2Fv2%2Fcategories&post=590812"},{"taxonomy":"post_tag","embeddable":true,"href":"https:\/\/www.diarioimagen.net\/index.php?rest_route=%2Fwp%2Fv2%2Ftags&post=590812"}],"curies":[{"name":"wp","href":"https:\/\/api.w.org\/{rel}","templated":true}]}}