{"id":590817,"date":"2023-07-25T00:02:55","date_gmt":"2023-07-25T06:02:55","guid":{"rendered":"https:\/\/www.diarioimagen.net\/?p=590817"},"modified":"2023-07-25T02:21:56","modified_gmt":"2023-07-25T08:21:56","slug":"marcelo-ebrard-el-hombre-que-necesita-mexico-afirma-el-lider-social-raul-ortiz","status":"publish","type":"post","link":"https:\/\/www.diarioimagen.net\/?p=590817","title":{"rendered":"Marcelo Ebrard, el hombre que necesita M\u00e9xico, afirma el l\u00edder social Ra\u00fal Ortiz"},"content":{"rendered":"<p>&nbsp;<\/p>\n<ul>\n<li><em><strong>Refrenda apoyo rumbo a selecci\u00f3n de candidato<\/strong><\/em><\/li>\n<\/ul>\n<p>&nbsp;<\/p>\n<div id=\"attachment_590903\" style=\"width: 470px\" class=\"wp-caption aligncenter\"><a href=\"https:\/\/www.diarioimagen.net\/?attachment_id=590903\" rel=\"attachment wp-att-590903\"><img loading=\"lazy\" decoding=\"async\" aria-describedby=\"caption-attachment-590903\" class=\"size-full wp-image-590903\" src=\"https:\/\/www.diarioimagen.net\/wp-content\/uploads\/2023\/07\/marcelo-ebrard.jpg\" alt=\"\" width=\"460\" height=\"270\" \/><\/a><p id=\"caption-attachment-590903\" class=\"wp-caption-text\">Marcelo Ebrard asegur\u00f3 que impulsar\u00e1 el desarrollo y el bienestar de la juventud, durante el encuentro con j\u00f3venes militantes y simpatizantes de Morena en Naucalpan.<\/p><\/div>\n<p>&nbsp;<\/p>\n<p><strong>Naucalpan, Estado de M\u00e9xico.\u2014<\/strong> Sin lugar a dudas, Marcelo Ebrard es un hombre con amplia trayectoria y experiencia pol\u00edtica que dar\u00e1 continuidad a la Cuarta Transformaci\u00f3n, por lo que es el que necesita M\u00e9xico.<\/p>\n<p>Afirm\u00f3 lo anterior el empresario y l\u00edder social, Ra\u00fal Ortiz, qui\u00e9n a trav\u00e9s de la asociaci\u00f3n civil \u201cEl Bloke Progresista\u201d, refrend\u00f3 su apoyo a Ebrard, rumbo a los procesos electorales de 2024.<\/p>\n<p>Durante el encuentro con j\u00f3venes militantes y simpatizantes de Morena en Naucalpan, Marcelo Ebrard, asegur\u00f3 que impulsar\u00e1 el desarrollo y el bienestar de la juventud mexicana. Ra\u00fal Ortiz, tambi\u00e9n militante y uno de los nuevos liderazgos de Morena, afirm\u00f3 que cientos de j\u00f3venes se dieron cita para conocer de primera mano los detalles y objetivos de Marcelo Ebrard, en donde comparti\u00f3 los pilares fundamentales en beneficio de los j\u00f3venes.<\/p>\n<p>Marcelo Ebrard destac\u00f3 la importancia de garantizar una educaci\u00f3n de calidad para todos, as\u00ed como la necesidad de fomentar el acceso a oportunidades laborales dignas y bien remuneradas para los j\u00f3venes.<\/p>\n<p>Adem\u00e1s, hizo hincapi\u00e9 en el papel fundamental que desempe\u00f1an los j\u00f3venes en el desarrollo de una sociedad justa y equitativa, alent\u00e1ndolos a participar activamente en la toma de decisiones pol\u00edticas y sociales.<\/p>\n<p>Durante la presentaci\u00f3n, Ebrard escuch\u00f3 atentamente las opiniones y sugerencias de los j\u00f3venes presentes, reafirmando su compromiso de trabajar de la mano con ellos para llevar a cabo programas de manera inclusiva y efectiva.<\/p>\n","protected":false},"excerpt":{"rendered":"<p>Sin lugar a dudas, Marcelo Ebrard es un hombre con amplia trayectoria y experiencia pol\u00edtica que dar\u00e1 continuidad a la Cuarta Transformaci\u00f3n, por lo que es el que necesita M\u00e9xico.<\/p>\n","protected":false},"author":3,"featured_media":590903,"comment_status":"open","ping_status":"open","sticky":false,"template":"","format":"standard","meta":{"_monsterinsights_skip_tracking":false,"_monsterinsights_sitenote_active":false,"_monsterinsights_sitenote_note":"","_monsterinsights_sitenote_category":0,"footnotes":""},"categories":[5],"tags":[43675,7350,970],"class_list":["post-590817","post","type-post","status-publish","format-standard","has-post-thumbnail","hentry","category-estado-de-mexico","tag-estado-de-mexico","tag-marcelo-ebrard-casaubon","tag-naucalpan"],"_links":{"self":[{"href":"https:\/\/www.diarioimagen.net\/index.php?rest_route=\/wp\/v2\/posts\/590817","targetHints":{"allow":["GET"]}}],"collection":[{"href":"https:\/\/www.diarioimagen.net\/index.php?rest_route=\/wp\/v2\/posts"}],"about":[{"href":"https:\/\/www.diarioimagen.net\/index.php?rest_route=\/wp\/v2\/types\/post"}],"author":[{"embeddable":true,"href":"https:\/\/www.diarioimagen.net\/index.php?rest_route=\/wp\/v2\/users\/3"}],"replies":[{"embeddable":true,"href":"https:\/\/www.diarioimagen.net\/index.php?rest_route=%2Fwp%2Fv2%2Fcomments&post=590817"}],"version-history":[{"count":0,"href":"https:\/\/www.diarioimagen.net\/index.php?rest_route=\/wp\/v2\/posts\/590817\/revisions"}],"wp:featuredmedia":[{"embeddable":true,"href":"https:\/\/www.diarioimagen.net\/index.php?rest_route=\/wp\/v2\/media\/590903"}],"wp:attachment":[{"href":"https:\/\/www.diarioimagen.net\/index.php?rest_route=%2Fwp%2Fv2%2Fmedia&parent=590817"}],"wp:term":[{"taxonomy":"category","embeddable":true,"href":"https:\/\/www.diarioimagen.net\/index.php?rest_route=%2Fwp%2Fv2%2Fcategories&post=590817"},{"taxonomy":"post_tag","embeddable":true,"href":"https:\/\/www.diarioimagen.net\/index.php?rest_route=%2Fwp%2Fv2%2Ftags&post=590817"}],"curies":[{"name":"wp","href":"https:\/\/api.w.org\/{rel}","templated":true}]}}