{"id":590819,"date":"2023-07-25T00:01:45","date_gmt":"2023-07-25T06:01:45","guid":{"rendered":"https:\/\/www.diarioimagen.net\/?p=590819"},"modified":"2023-07-25T02:20:57","modified_gmt":"2023-07-25T08:20:57","slug":"autoridades-asociaciones-civiles-e-iniciativa-privada-realizan-reforestacion-en-los-remedios","status":"publish","type":"post","link":"https:\/\/www.diarioimagen.net\/?p=590819","title":{"rendered":"Autoridades, asociaciones civiles e iniciativa privada realizan reforestaci\u00f3n en Los Remedios"},"content":{"rendered":"<p>&nbsp;<\/p>\n<ul>\n<li><em><strong>Jornada Salvemos a la Tierra, en Naucalpan<\/strong><\/em><\/li>\n<\/ul>\n<p>&nbsp;<\/p>\n<div id=\"attachment_590899\" style=\"width: 470px\" class=\"wp-caption aligncenter\"><a href=\"https:\/\/www.diarioimagen.net\/?attachment_id=590899\" rel=\"attachment wp-att-590899\"><img loading=\"lazy\" decoding=\"async\" aria-describedby=\"caption-attachment-590899\" class=\"size-full wp-image-590899\" src=\"https:\/\/www.diarioimagen.net\/wp-content\/uploads\/2023\/07\/autoridades-asociaciones.jpg\" alt=\"\" width=\"460\" height=\"270\" \/><\/a><p id=\"caption-attachment-590899\" class=\"wp-caption-text\">Jornada Salvemos a la Tierra en el parque nacional Los Remedios donde plantaron unos 500 \u00e1rboles de las especies trueno y fresno.<\/p><\/div>\n<p>&nbsp;<\/p>\n<p><strong>Naucalpan, Estado de M\u00e9xico.\u2014<\/strong> Unos 500 \u00e1rboles de las especies trueno y fresno fueron plantados en el Parque Nacional de Los Remedios durante la jornada Salvemos a la Tierra, que se efectu\u00f3 este s\u00e1bado con la participaci\u00f3n de autoridades municipales, asociaciones civiles e iniciativa privada.<\/p>\n<p>El cuarto regidor del Ayuntamiento de Naucalpan, Agust\u00edn Belgodere Hern\u00e1ndez, inform\u00f3 que el gobierno que encabeza la alcaldesa Ang\u00e9lica Moya Mar\u00edn, el Club Rotario de Zona Esmeralda y NTT Data, compa\u00f1\u00eda japonesa de comunicaciones especializada en la integraci\u00f3n de sistemas, unieron esfuerzos para llevar a cabo esta reforestaci\u00f3n.<\/p>\n<p>Indic\u00f3 que adem\u00e1s del Club Rotario de Zona Esmeralda, participaron los clubes Rotaract e Interact, tambi\u00e9n de Zona Esmeralda; la Direcci\u00f3n General de Medio Ambiente de Naucalpan apoy\u00f3 con el traslado de los \u00e1rboles y el Grupo Montado de la Direcci\u00f3n General de Seguridad Ciudadana y Movilidad Segura estuvo presente para resguardar la integridad de los asistentes. Belgodere Hern\u00e1ndez explic\u00f3 que la empresa NTT Data es filial de Nippon Telegraph and Telephone, que ocupa el lugar 47 a nivel mundial como una de las compa\u00f1\u00edas m\u00e1s innovadoras.<\/p>\n<p>Por otra parte, Amaya Bern\u00e1rdez de la Granja, directora general de Medio Ambiente, se\u00f1al\u00f3 que esta dependencia municipal llev\u00f3 a cabo dos reforestaciones en las que participaron vecinos, autoridades auxiliares, Seguridad Ciudadana e iniciativa privada.Detall\u00f3 que en Las Canchas de los Remedios, se cont\u00f3 con el apoyo de la empresa PM Steele y la asociaci\u00f3n civil Huertos Urbanos; en la colonia La Mancha I, colaboraron vecinos, la Delegaci\u00f3n de esta comunidad y la Subdirecci\u00f3n de Prevenci\u00f3n del Delito. \u201cEl a\u00f1o pasado se plantaron 17 mil \u00e1rboles y continuaremos trabajando en la reforestaci\u00f3n de nuestros bosques\u201d, agreg\u00f3.<\/p>\n","protected":false},"excerpt":{"rendered":"<p>Unos 500 \u00e1rboles de las especies trueno y fresno fueron plantados en el Parque Nacional de Los Remedios durante la jornada Salvemos a la Tierra, que se efectu\u00f3 este s\u00e1bado con la participaci\u00f3n de autoridades municipales, asociaciones civiles e iniciativa privada.<\/p>\n","protected":false},"author":3,"featured_media":590899,"comment_status":"open","ping_status":"open","sticky":false,"template":"","format":"standard","meta":{"_monsterinsights_skip_tracking":false,"_monsterinsights_sitenote_active":false,"_monsterinsights_sitenote_note":"","_monsterinsights_sitenote_category":0,"footnotes":""},"categories":[5],"tags":[43675,1911,970],"class_list":["post-590819","post","type-post","status-publish","format-standard","has-post-thumbnail","hentry","category-estado-de-mexico","tag-estado-de-mexico","tag-los-remedios","tag-naucalpan"],"_links":{"self":[{"href":"https:\/\/www.diarioimagen.net\/index.php?rest_route=\/wp\/v2\/posts\/590819","targetHints":{"allow":["GET"]}}],"collection":[{"href":"https:\/\/www.diarioimagen.net\/index.php?rest_route=\/wp\/v2\/posts"}],"about":[{"href":"https:\/\/www.diarioimagen.net\/index.php?rest_route=\/wp\/v2\/types\/post"}],"author":[{"embeddable":true,"href":"https:\/\/www.diarioimagen.net\/index.php?rest_route=\/wp\/v2\/users\/3"}],"replies":[{"embeddable":true,"href":"https:\/\/www.diarioimagen.net\/index.php?rest_route=%2Fwp%2Fv2%2Fcomments&post=590819"}],"version-history":[{"count":0,"href":"https:\/\/www.diarioimagen.net\/index.php?rest_route=\/wp\/v2\/posts\/590819\/revisions"}],"wp:featuredmedia":[{"embeddable":true,"href":"https:\/\/www.diarioimagen.net\/index.php?rest_route=\/wp\/v2\/media\/590899"}],"wp:attachment":[{"href":"https:\/\/www.diarioimagen.net\/index.php?rest_route=%2Fwp%2Fv2%2Fmedia&parent=590819"}],"wp:term":[{"taxonomy":"category","embeddable":true,"href":"https:\/\/www.diarioimagen.net\/index.php?rest_route=%2Fwp%2Fv2%2Fcategories&post=590819"},{"taxonomy":"post_tag","embeddable":true,"href":"https:\/\/www.diarioimagen.net\/index.php?rest_route=%2Fwp%2Fv2%2Ftags&post=590819"}],"curies":[{"name":"wp","href":"https:\/\/api.w.org\/{rel}","templated":true}]}}