{"id":590844,"date":"2023-07-25T00:02:33","date_gmt":"2023-07-25T06:02:33","guid":{"rendered":"https:\/\/www.diarioimagen.net\/?p=590844"},"modified":"2023-07-24T23:15:59","modified_gmt":"2023-07-25T05:15:59","slug":"ola-azul-con-claudia-que-le-pidio-gonzalo-espina-a-sheinbaum","status":"publish","type":"post","link":"https:\/\/www.diarioimagen.net\/?p=590844","title":{"rendered":"\u201cOla azul con Claudia\u201d, \u00bfqu\u00e9 le pidi\u00f3 Gonzalo Espina a Sheinbaum?"},"content":{"rendered":"<h2>La Retaguardia<\/h2>\n<h5>Adriana Moreno Cordero<\/h5>\n<p>&nbsp;<\/p>\n<ul>\n<li><strong><em>Jos\u00e9 Manuel del R\u00edo Virgen, nuevo malestar para Cuitl\u00e1huac Garc\u00eda<\/em><\/strong><\/li>\n<\/ul>\n<p>&nbsp;<\/p>\n<p>La flamante \u201ccorcholata\u201d puntera <strong>Claudia Sheinbaum<\/strong>, exagera cuando presume el apoyo que hace unos d\u00edas le brind\u00f3 la denominada \u201cOla Azul con Claudia\u201d; un grupo de panistas encabezados por el diputado local en la Ciudad de M\u00e9xico, <strong>Gonzalo Espina Miranda<\/strong>, que ni tardo ni perezoso, renunci\u00f3 al PAN.<\/p>\n<p>La explicaci\u00f3n de por qu\u00e9 este personaje dimiti\u00f3 a las filas de Acci\u00f3n Nacional, suena como tantas otras que se han dado en el pasado de un partido a otro: Como en el instituto pol\u00edtico en el que han militado no les dan dado ninguna candidatura ni posici\u00f3n de poder, entonces se van y esto ha ocurrido hasta en Morena.<\/p>\n<p>As\u00ed, Espina Miranda, de alguna manera hizo lo mismo que el senador <strong>Germ\u00e1n Mart\u00ednez C\u00e1zares,<\/strong> cuando despu\u00e9s de haber atacado constante y tajantemente a <strong>Andr\u00e9s Manuel L\u00f3pez Obrador<\/strong>, cay\u00f3 seducido por sus encantos y lleg\u00f3 a la C\u00e1mara alta y despu\u00e9s a la direcci\u00f3n del IMSS, aunque no tardaron en presentarse los pleitos y enfrentamientos y el ahora integrante del grupo Plural, sali\u00f3 corriendo de Morena y de nueva cuenta se volvi\u00f3 detractor de esta errada y llamada Cuarta Transformaci\u00f3n y de quien la encabeza.<\/p>\n<p>Otro caso que ilustra esta situaci\u00f3n es el del titular de la Procuradur\u00eda Federal del Consumidor (Profeco), <strong>Ricardo Sheffield<\/strong>, que siendo panista de gran raigambre, cuando no le dieron la candidatura albiceleste al gobierno de Guanajuato, puso \u201cpies en polvorosa\u201d y se uni\u00f3 a Morena para perfilarse como el candidato en autom\u00e1tico al gobierno de dicho estado, pero ahora por parte del oficialismo, sin embargo, recientemente se le cruz\u00f3 una piedra en ese camino, cuando el director del Instituto para Devolverle al Pueblo lo Robado, <strong>Ernesto Prieto Ortega<\/strong>, dio a conocer que quer\u00eda ser candidato de Morena al gobierno guanajuatense. \u00a1Qu\u00e9 mala suerte!<\/p>\n<p>Como ya se anot\u00f3, el caso de Gonzalo Espina es semejante porque es evidente que algo le pidi\u00f3 a la exjefa de Gobierno de la CDMX, as\u00ed de que eso que tanto pone en sus redes sociales que lo hace \u201cpor amor al pr\u00f3jimo y por el bien com\u00fan\u201d, suena a pura demagogia con marcados toques de oportunismo.<\/p>\n<p>Adem\u00e1s, llama la atenci\u00f3n que los seguidores del diputado Espina, no renunciaron a su militancia panista. \u00bfEsto se podr\u00eda traducir en que el legislador local quiere dejar, -como reza un conocido refr\u00e1n-, una vela prendida por si se ofrece?<\/p>\n<p>Al agradecer su militancia por 10 a\u00f1os en Acci\u00f3n Nacional y eso s\u00ed, criticar duramente a este partido calific\u00e1ndolo de \u201cextraviado pol\u00edtico\u201d, se\u00f1al\u00f3: \u201cPor eso, hoy, me sumo a un proyecto distinto, a un proyecto que convoca a personas de diferentes sectores de la sociedad civil para participar de manera libre, tomando en cuenta las ideas, el debate y la competencia interna\u201d.<\/p>\n<p>Hay una pregunta que no se puede omitir: \u00bfy qu\u00e9 va a hacer el ex panista en el caso muy probable de que Sheinbaum Pardo no le cumpla?, porque esta suma de la \u201cOla Azul\u201d (que por cierto la dejaron sola a su arribo al Aeropuerto de la CDMX y no la fueron a recibir con porras), ya le est\u00e1 ocasionando problemas internos a la exfuncionaria capitalina y ah\u00ed est\u00e1 como muestra que la \u201ccorcholata\u201d que se resiste a ser derrotada, -l\u00e9ase <strong>Marcelo Ebrard<\/strong>-, ya la cuestion\u00f3 abiertamente al indicar que: \u201cYo no aceptar\u00eda el apoyo de otro partido y menos del Partido Acci\u00f3n Nacional, son la contraparte\u201d y agreg\u00f3 el excanciller: \u201c\u00bfC\u00f3mo puede ser que est\u00e9 promoviendo un partido como Acci\u00f3n Nacional a una o uno de nosotros?\u201d<\/p>\n<p>Pues, \u00bfqu\u00e9 le extra\u00f1a al exsecretario de Relaciones Exteriores? Lo que s\u00ed es que a lo mejor Claudia Sheinbaum ya no podr\u00e1 seguir presumiendo que es una morenista pura, peleada con todo lo que no sea errada y llamada cuarta transformaci\u00f3n.<\/p>\n<p style=\"text-align: center;\"><strong>Municiones<\/strong><\/p>\n<p>*** Ni un motivo tendr\u00e1 el flamante gobernador de Veracruz, <strong>Cuitl\u00e1huac Garc\u00eda<\/strong>, para estar contento, pues luego de sus insistentes y viscerales ataques al Poder Judicial de su estado que no le han dado resultado, ya se \u201cdestap\u00f3\u201d para sucederlo por parte de Movimiento Ciudadano, un viejo conocido suyo, <strong>Jos\u00e9 Manuel del R\u00edo Virgen<\/strong>, que fue objeto de feroz persecuci\u00f3n por parte del gobernador morenista que por m\u00e1s que hizo, no pudo mantenerlo en el penal de Pacho Viejo. Por lo dem\u00e1s, seg\u00fan se sabe, Cuitl\u00e1huac Garc\u00eda recibi\u00f3 ya l\u00ednea directa de Palacio Nacional para apoyar a la flamante secretaria de Energ\u00eda, <strong>Roc\u00edo Nahle<\/strong>, cuya posibilidad todav\u00eda est\u00e1 en veremos porque los apoyos para sacarla adelante pese a no ser oriunda de Veracruz, no han resultado del todo bien. No obstante, en el coraz\u00f3n del mandatario estatal est\u00e1 quien ocupa la secretar\u00eda de Educaci\u00f3n local, <strong>Zenyazen Escobar<\/strong>, pero al final, se disciplinar\u00e1 a lo que le digan en Palacio Nacional. Y como fue en Veracruz donde naci\u00f3 el partido creado por Dante Delgado, se dice que hay muchas posibilidades de que en las elecciones del 2024, le arrebaten esa gubernatura a Morena. \u00bfSer\u00e1?<\/p>\n<p>*** Con la finalidad de generar recursos que les permitan un mejor funcionamiento y el cumplimiento de sus metas, Corporativo<em> Caliente<\/em> pone a disposici\u00f3n de los organismos civiles sin fines de lucro, su programa denominado <em>Noches de Casino.<\/em> Esta actividad consiste en una velada de cortes\u00eda a beneficio de agrupaciones ciudadanas para que, a trav\u00e9s de la venta de boletos, recaban recursos, mientras que la organizaci\u00f3n, alimentos, bebidas y diversi\u00f3n, corren por cuenta del programa <em>Caliente Ayuda<\/em>. <em>Noches de casino<\/em>, es una actividad que surgi\u00f3 en 2009 a iniciativa del Presidente del Consejo de <em>Corporativo Caliente, <\/em><strong>Jorge Hank Rhon.<\/strong><\/p>\n<p><strong>*** <\/strong>Bien hizo <strong>X\u00f3chitl G\u00e1lvez<\/strong> en deslindarse ni m\u00e1s ni menos que del expresidente Vicente Fox y lo hizo justo a tiempo, cuando la Cofepris asegur\u00f3 casi dos mil productos que contienen cannabis a la empresa Paradise Shop, de la cual es socio el expresidente Fox. Desde luego ahora las persecuciones del oficialismo hacia la oposici\u00f3n, estar\u00e1n a la orden del d\u00eda, pero convendr\u00eda que el guanajuatense aclarara esta situaci\u00f3n, \u00bfo no?<\/p>\n<p>*** \u201cSi no pueden, renuncien\u2026, no sigan recibiendo un sueldo por no hacer nada\u201d, ese fue el reclamo que hizo el empresario <strong>Alejandro Mart\u00ed<\/strong> a las autoridades en la administraci\u00f3n de <strong>Felipe Calder\u00f3n<\/strong>, cuando su hijo Fernando fue secuestrado y asesinado por la delincuencia organizada. Descanse en paz el empresario y activista. La coincidencia es que esta frase actualmente, con esta errada y llamada Cuarta Transformaci\u00f3n, sigue plenamente vigente y viene a demostrar que eso de los \u201cabrazos, no balazos\u201d, no funciona.<\/p>\n<p><u><a href=\"mailto:morcora@gmail.com\" target=\"_blank\" rel=\"noopener noreferrer\"><em>morcora@gmail.com<\/em><\/a><\/u><\/p>\n","protected":false},"excerpt":{"rendered":"<p><span style=\"color: #005497;\"><strong>Adriana Moreno Cordero<\/strong><\/span><\/p>\n","protected":false},"author":3,"featured_media":0,"comment_status":"open","ping_status":"open","sticky":false,"template":"","format":"standard","meta":{"_monsterinsights_skip_tracking":false,"_monsterinsights_sitenote_active":false,"_monsterinsights_sitenote_note":"","_monsterinsights_sitenote_category":0,"footnotes":""},"categories":[69370],"tags":[69369,69368,43674],"class_list":["post-590844","post","type-post","status-publish","format-standard","hentry","category-adriana-moreno-cordero","tag-adriana-moreno-cordero","tag-la-retaguardia","tag-opinion"],"_links":{"self":[{"href":"https:\/\/www.diarioimagen.net\/index.php?rest_route=\/wp\/v2\/posts\/590844","targetHints":{"allow":["GET"]}}],"collection":[{"href":"https:\/\/www.diarioimagen.net\/index.php?rest_route=\/wp\/v2\/posts"}],"about":[{"href":"https:\/\/www.diarioimagen.net\/index.php?rest_route=\/wp\/v2\/types\/post"}],"author":[{"embeddable":true,"href":"https:\/\/www.diarioimagen.net\/index.php?rest_route=\/wp\/v2\/users\/3"}],"replies":[{"embeddable":true,"href":"https:\/\/www.diarioimagen.net\/index.php?rest_route=%2Fwp%2Fv2%2Fcomments&post=590844"}],"version-history":[{"count":0,"href":"https:\/\/www.diarioimagen.net\/index.php?rest_route=\/wp\/v2\/posts\/590844\/revisions"}],"wp:attachment":[{"href":"https:\/\/www.diarioimagen.net\/index.php?rest_route=%2Fwp%2Fv2%2Fmedia&parent=590844"}],"wp:term":[{"taxonomy":"category","embeddable":true,"href":"https:\/\/www.diarioimagen.net\/index.php?rest_route=%2Fwp%2Fv2%2Fcategories&post=590844"},{"taxonomy":"post_tag","embeddable":true,"href":"https:\/\/www.diarioimagen.net\/index.php?rest_route=%2Fwp%2Fv2%2Ftags&post=590844"}],"curies":[{"name":"wp","href":"https:\/\/api.w.org\/{rel}","templated":true}]}}