{"id":590935,"date":"2023-07-26T00:01:47","date_gmt":"2023-07-26T06:01:47","guid":{"rendered":"https:\/\/www.diarioimagen.net\/?p=590935"},"modified":"2023-07-26T02:29:16","modified_gmt":"2023-07-26T08:29:16","slug":"auditaran-al-sistema-mexiquense-de-medios-publicos-del-estado-de-mexico","status":"publish","type":"post","link":"https:\/\/www.diarioimagen.net\/?p=590935","title":{"rendered":"Auditar\u00e1n al Sistema Mexiquense de Medios P\u00fablicos del Estado de M\u00e9xico"},"content":{"rendered":"<p>&nbsp;<\/p>\n<ul>\n<li><strong><em>Celebra el diputado morenista Daniel Sibaja<\/em><\/strong><\/li>\n<\/ul>\n<p><strong>\u00a0<\/strong><\/p>\n<h6>Arturo Baena<\/h6>\n<p>&nbsp;<\/p>\n<div id=\"attachment_591004\" style=\"width: 470px\" class=\"wp-caption aligncenter\"><a href=\"https:\/\/www.diarioimagen.net\/?attachment_id=591004\" rel=\"attachment wp-att-591004\"><img loading=\"lazy\" decoding=\"async\" aria-describedby=\"caption-attachment-591004\" class=\"size-full wp-image-591004\" src=\"https:\/\/www.diarioimagen.net\/wp-content\/uploads\/2023\/07\/auditaran-sistema.jpg\" alt=\"\" width=\"460\" height=\"270\" \/><\/a><p id=\"caption-attachment-591004\" class=\"wp-caption-text\">Daniel Sibaja celebr\u00f3 que la Comisi\u00f3n de Vigilancia del OSFEM haya aprobado una auditor\u00eda al Sistema Mexiquense de Medios P\u00fablicos.<\/p><\/div>\n<p>&nbsp;<\/p>\n<p><strong>Toluca, Estado de M\u00e9xico.\u2014<\/strong> El legislador morenista Daniel Sibaja celebr\u00f3 que la Comisi\u00f3n de Vigilancia del \u00d3rgano Superior de Fiscalizaci\u00f3n (OSFEM) haya aprobado una auditor\u00eda especial al Sistema Mexiquense de Medios P\u00fablicos en su ejercicio fiscal 2022, por posibles acciones u omisiones en el ejercicio y uso de recursos p\u00fablicos. El diputado record\u00f3 que hab\u00eda presentado ante dicha Comisi\u00f3n, una solicitud de auditor\u00eda especial, dado que el en Programa Anual de Auditor\u00edas 2023 del (OSFEM) no lo contempl\u00f3 como auditable.<\/p>\n<p>Y es que se autoriz\u00f3 la realizaci\u00f3n de auditor\u00edas tanto financiera como de desempe\u00f1o en el ejercicio fiscal 2022 a la dependencia mencionada, ya que se cumplieron los requerimientos de ley, por lo que su aprobaci\u00f3n fue procedente.<\/p>\n<p>Los hechos y argumentos que refiri\u00f3 Daniel Sibaja, para la realizaci\u00f3n de la auditor\u00eda especial fueron \u201cla deficiencia en su planeaci\u00f3n, programaci\u00f3n y presupuestaci\u00f3n, el cual conforme a su presupuesto autorizado siempre requiere de incrementos para terminar su gesti\u00f3n anual\u201d. Asimismo, en el a\u00f1o 2022, dijo, mostr\u00f3 un ejercicio de pago de Adeudo de Ejercicios Fiscales Anteriores (ADEFAS) superior al permitido en la ley.<\/p>\n<p>\u201cDe igual forma, ha sido omiso en la solventaci\u00f3n y atenci\u00f3n de solicitudes de aclaraci\u00f3n y recomendaciones que realiz\u00f3 el OSFEM al ente p\u00fablico en el ejercicio fiscal 2020, siendo de m\u00e1s de 59 millones de pesos y en inversi\u00f3n f\u00edsica m\u00e1s de 5 millones d pesos que tienen pendientes por aclarar\u201d, subray\u00f3 el legislador morenista.<\/p>\n","protected":false},"excerpt":{"rendered":"<p>El legislador morenista Daniel Sibaja celebr\u00f3 que la Comisi\u00f3n de Vigilancia del \u00d3rgano Superior de Fiscalizaci\u00f3n (OSFEM) haya aprobado una auditor\u00eda especial al Sistema Mexiquense de Medios P\u00fablicos en su ejercicio fiscal 2022, por posibles acciones u omisiones en el ejercicio y uso de recursos p\u00fablicos. El diputado record\u00f3 que hab\u00eda presentado ante dicha Comisi\u00f3n, una solicitud de auditor\u00eda especial, dado que el en Programa Anual de Auditor\u00edas 2023 del (OSFEM) no lo contempl\u00f3 como auditable.<\/p>\n","protected":false},"author":3,"featured_media":591004,"comment_status":"open","ping_status":"open","sticky":false,"template":"","format":"standard","meta":{"_monsterinsights_skip_tracking":false,"_monsterinsights_sitenote_active":false,"_monsterinsights_sitenote_note":"","_monsterinsights_sitenote_category":0,"footnotes":""},"categories":[5],"tags":[43675,84891,452],"class_list":["post-590935","post","type-post","status-publish","format-standard","has-post-thumbnail","hentry","category-estado-de-mexico","tag-estado-de-mexico","tag-osfem","tag-toluca"],"_links":{"self":[{"href":"https:\/\/www.diarioimagen.net\/index.php?rest_route=\/wp\/v2\/posts\/590935","targetHints":{"allow":["GET"]}}],"collection":[{"href":"https:\/\/www.diarioimagen.net\/index.php?rest_route=\/wp\/v2\/posts"}],"about":[{"href":"https:\/\/www.diarioimagen.net\/index.php?rest_route=\/wp\/v2\/types\/post"}],"author":[{"embeddable":true,"href":"https:\/\/www.diarioimagen.net\/index.php?rest_route=\/wp\/v2\/users\/3"}],"replies":[{"embeddable":true,"href":"https:\/\/www.diarioimagen.net\/index.php?rest_route=%2Fwp%2Fv2%2Fcomments&post=590935"}],"version-history":[{"count":0,"href":"https:\/\/www.diarioimagen.net\/index.php?rest_route=\/wp\/v2\/posts\/590935\/revisions"}],"wp:featuredmedia":[{"embeddable":true,"href":"https:\/\/www.diarioimagen.net\/index.php?rest_route=\/wp\/v2\/media\/591004"}],"wp:attachment":[{"href":"https:\/\/www.diarioimagen.net\/index.php?rest_route=%2Fwp%2Fv2%2Fmedia&parent=590935"}],"wp:term":[{"taxonomy":"category","embeddable":true,"href":"https:\/\/www.diarioimagen.net\/index.php?rest_route=%2Fwp%2Fv2%2Fcategories&post=590935"},{"taxonomy":"post_tag","embeddable":true,"href":"https:\/\/www.diarioimagen.net\/index.php?rest_route=%2Fwp%2Fv2%2Ftags&post=590935"}],"curies":[{"name":"wp","href":"https:\/\/api.w.org\/{rel}","templated":true}]}}