{"id":590939,"date":"2023-07-26T00:03:32","date_gmt":"2023-07-26T06:03:32","guid":{"rendered":"https:\/\/www.diarioimagen.net\/?p=590939"},"modified":"2023-07-26T02:28:33","modified_gmt":"2023-07-26T08:28:33","slug":"aplauden-acciones-contra-el-comercio-informal-en-el-municipio-de-naucalpan","status":"publish","type":"post","link":"https:\/\/www.diarioimagen.net\/?p=590939","title":{"rendered":"Aplauden acciones contra el comercio informal en el municipio de Naucalpan"},"content":{"rendered":"<p>&nbsp;<\/p>\n<ul>\n<li><strong><em>Niegan supuestas extorsiones de inspectores<\/em><\/strong><\/li>\n<\/ul>\n<p><strong>\u00a0<\/strong><\/p>\n<h6>Arturo Baena<\/h6>\n<p>&nbsp;<\/p>\n<div id=\"attachment_591000\" style=\"width: 470px\" class=\"wp-caption aligncenter\"><a href=\"https:\/\/www.diarioimagen.net\/?attachment_id=591000\" rel=\"attachment wp-att-591000\"><img loading=\"lazy\" decoding=\"async\" aria-describedby=\"caption-attachment-591000\" class=\"size-full wp-image-591000\" src=\"https:\/\/www.diarioimagen.net\/wp-content\/uploads\/2023\/07\/aplauden-acciones.jpg\" alt=\"\" width=\"460\" height=\"270\" \/><\/a><p id=\"caption-attachment-591000\" class=\"wp-caption-text\">Comerciantes establecidos apoyan acciones para que se regule el comercio informal en Naucalpan.<\/p><\/div>\n<p>&nbsp;<\/p>\n<p><strong>Naucalpan, Estado de M\u00e9xico.\u2014<\/strong> Luego de que el gobierno municipal de esta localidad, en estricto apego a la Ley ha retirado de calles y avenidas, \u201ccheler\u00edas\u201d y comercio informal, han surgido quejas y denuncias de comerciantes de \u201csupuestas extorsiones\u201d del personal adscrito a la Subdirecci\u00f3n de Concertaci\u00f3n Comercial, que es completamente falsa.\u00a0 Aplaudimos que se regule el comercio informal dentro del municipio.<\/p>\n<p>Afirmaron lo anterior, l\u00edderes sociales y empresarios, adscritos a la Asociaci\u00f3n de Empresarios y Ciudadanos de M\u00e9xico A.C. (ASECEM) en voz del empresario Ra\u00fal Ortiz, luego de expresar qu\u00e9 \u201cquienes est\u00e9n fuera del marco legal, deben de aceptar las consecuencias y asumir con responsabilidad el actuar del gobierno, en este caso, del municipio de Naucalpan\u201d, dijo.<\/p>\n<p>Por otra parte, Ra\u00fal Ortiz expres\u00f3 que \u201ctodo mundo tiene el leg\u00edtimo derecho a trabajar, siempre y cuando cumpla con la reglamentaci\u00f3n que estipula el Bando Municipal, pues de lo contrario, se har\u00e1n acreedores a las sanciones correspondientes\u201d, reiter\u00f3.<\/p>\n<p>En ese sentido, delegados y Consejos de Participaci\u00f3n Ciudadana (Copacis) de Ciudad Sat\u00e9lite, Lomas Verdes, San Bartolo, entre otros, coincidieron en se\u00f1alar que \u201cel gobierno municipal no puede permitir que, por capricho, influyentismo o corrupci\u00f3n, conviertan a Naucalpan en el mercado ambulante m\u00e1s grande del mundo, desde luego que apoyamos las medidas y acciones que se est\u00e1n implementando para evitar ello\u201d, dijeron.<\/p>\n<p>Asimismo, las autoridades auxiliares aseguraron que \u201chay que recordar que, por culpa de malas administraciones, se permiti\u00f3 el comercio informal en todo el territorio y un ejemplo claro de ello, fue la zona centro de San Bartolo, en donde no se pod\u00eda ni caminar por las banquetas, ya no queremos que eso regrese a nuestro municipio\u201d, remataron.<\/p>\n<p>Finalmente, los miembros de la ASECEM, reiteraron el apoyo al gobierno municipal, al expresar que \u201csabemos que la actual administraci\u00f3n no permite ni permitir\u00e1 corrupci\u00f3n, ni de personal ni funcionarios que atenten contra el buen trabajo que se ha hecho en beneficio de la ciudadan\u00eda, cosa que aplaudimos a la alcaldesa Ang\u00e9lica Moya Mar\u00edn\u201d.<\/p>\n","protected":false},"excerpt":{"rendered":"<p>Luego de que el gobierno municipal de esta localidad, en estricto apego a la Ley ha retirado de calles y avenidas, \u201ccheler\u00edas\u201d y comercio informal, han surgido quejas y denuncias de comerciantes de \u201csupuestas extorsiones\u201d del personal adscrito a la Subdirecci\u00f3n de Concertaci\u00f3n Comercial, que es completamente falsa.\u00a0 Aplaudimos que se regule el comercio informal dentro del municipio.<\/p>\n","protected":false},"author":3,"featured_media":591000,"comment_status":"open","ping_status":"open","sticky":false,"template":"","format":"standard","meta":{"_monsterinsights_skip_tracking":false,"_monsterinsights_sitenote_active":false,"_monsterinsights_sitenote_note":"","_monsterinsights_sitenote_category":0,"footnotes":""},"categories":[5],"tags":[90846,43675,970],"class_list":["post-590939","post","type-post","status-publish","format-standard","has-post-thumbnail","hentry","category-estado-de-mexico","tag-asecem","tag-estado-de-mexico","tag-naucalpan"],"_links":{"self":[{"href":"https:\/\/www.diarioimagen.net\/index.php?rest_route=\/wp\/v2\/posts\/590939","targetHints":{"allow":["GET"]}}],"collection":[{"href":"https:\/\/www.diarioimagen.net\/index.php?rest_route=\/wp\/v2\/posts"}],"about":[{"href":"https:\/\/www.diarioimagen.net\/index.php?rest_route=\/wp\/v2\/types\/post"}],"author":[{"embeddable":true,"href":"https:\/\/www.diarioimagen.net\/index.php?rest_route=\/wp\/v2\/users\/3"}],"replies":[{"embeddable":true,"href":"https:\/\/www.diarioimagen.net\/index.php?rest_route=%2Fwp%2Fv2%2Fcomments&post=590939"}],"version-history":[{"count":0,"href":"https:\/\/www.diarioimagen.net\/index.php?rest_route=\/wp\/v2\/posts\/590939\/revisions"}],"wp:featuredmedia":[{"embeddable":true,"href":"https:\/\/www.diarioimagen.net\/index.php?rest_route=\/wp\/v2\/media\/591000"}],"wp:attachment":[{"href":"https:\/\/www.diarioimagen.net\/index.php?rest_route=%2Fwp%2Fv2%2Fmedia&parent=590939"}],"wp:term":[{"taxonomy":"category","embeddable":true,"href":"https:\/\/www.diarioimagen.net\/index.php?rest_route=%2Fwp%2Fv2%2Fcategories&post=590939"},{"taxonomy":"post_tag","embeddable":true,"href":"https:\/\/www.diarioimagen.net\/index.php?rest_route=%2Fwp%2Fv2%2Ftags&post=590939"}],"curies":[{"name":"wp","href":"https:\/\/api.w.org\/{rel}","templated":true}]}}