{"id":590957,"date":"2023-07-26T00:01:16","date_gmt":"2023-07-26T06:01:16","guid":{"rendered":"https:\/\/www.diarioimagen.net\/?p=590957"},"modified":"2023-07-26T02:22:04","modified_gmt":"2023-07-26T08:22:04","slug":"amlo-acusa-campana-donde-trataran-de-culparlo-si-se-atenta-contra-algun-aspirante-presidencial-o-un-periodista","status":"publish","type":"post","link":"https:\/\/www.diarioimagen.net\/?p=590957","title":{"rendered":"AMLO acusa campa\u00f1a donde tratar\u00e1n de culparlo si se atenta contra alg\u00fan aspirante presidencial o un periodista"},"content":{"rendered":"<p>&nbsp;<\/p>\n<h3 style=\"text-align: center;\">\u201cPerversa, de malas entra\u00f1as y riesgos\u00edsima\u201d<\/h3>\n<p>&nbsp;<\/p>\n<ul>\n<li><strong><em>Es una guerra sucia encabezada por personas, seg\u00fan \u00e9l, vinculadas al ex presidente Salinas<\/em><\/strong><\/li>\n<\/ul>\n<p>&nbsp;<\/p>\n<div id=\"attachment_590992\" style=\"width: 470px\" class=\"wp-caption aligncenter\"><a href=\"https:\/\/www.diarioimagen.net\/?attachment_id=590992\" rel=\"attachment wp-att-590992\"><img loading=\"lazy\" decoding=\"async\" aria-describedby=\"caption-attachment-590992\" class=\"size-full wp-image-590992\" src=\"https:\/\/www.diarioimagen.net\/wp-content\/uploads\/2023\/07\/Lopez.jpg\" alt=\"\" width=\"460\" height=\"270\" \/><\/a><p id=\"caption-attachment-590992\" class=\"wp-caption-text\">Andr\u00e9s Manuel L\u00f3pez Obrador denunci\u00f3 que existe una campa\u00f1a en su contra, la cual consiste en responsabilizarlo de alg\u00fan crimen que pudiera ocurrir en agravio de alg\u00fan candidato o de periodistas.<\/p><\/div>\n<p>&nbsp;<\/p>\n<p>El presidente Andr\u00e9s Manuel L\u00f3pez Obrador acus\u00f3 este martes en su ma\u00f1anera que hay una campa\u00f1a \u201cfascista\u201d, \u201cirresponsable\u201d, \u201cperversa\u201d y \u201criesgos\u00edsima\u201d, orquestada en su contra, para acusarlo de lo que pudiera sucederle a periodistas o a aspirantes presidenciales.<\/p>\n<p>Denunci\u00f3 que hace menos de una semana se puso en marcha esta guerra sucia encabezada por personas que, seg\u00fan \u00e9l, est\u00e1n vinculadas al ex presidente Carlos Salinas de Gortari, como H\u00e9ctor Aguilar Cam\u00edn, Joaqu\u00edn L\u00f3pez-D\u00f3riga y Raymundo Rivapalacio.<\/p>\n<p>\u201cEstoy constatando una campa\u00f1a que acaban de echar andar muy irresponsable, perversa, de malas entra\u00f1as y riesgos\u00edsima, est\u00e1n difundiendo que si le pasa algo a un periodista, a un aspirante a la presidencia va a ser culpa m\u00eda, pero esto lo est\u00e1 diciendo (Joaqu\u00edn) L\u00f3pez-D\u00f3riga, la se\u00f1ora (Beatriz) Pag\u00e9s, (H\u00e9ctor) Aguilar Cam\u00edn, (Raymundo) Riva Palacio, toda esta gente de los medios de manipulaci\u00f3n vinculados a Salinas de Gortari\u201d.<\/p>\n<p>\u201cAhora estoy viendo una campa\u00f1a, pues muy sucia, muy perversa, muy inhumana, muy autoritaria, fascista, de mucha maldad. Ojal\u00e1 y recapaciten, porque no estoy viendo que sea espont\u00e1neo, lo acaban de echar andar, cuando mucho hace una semana (\u2026) es muy irresponsable, pero mucho muy irresponsable porque es apostar a desestabilizar, es no importar los medios para lograr un prop\u00f3sito, es muy perverso, son rumores\u201d, dijo.<\/p>\n<p style=\"text-align: center;\"><strong>Llamado a los medios de comunicaci\u00f3n<\/strong><\/p>\n<p>El primer mandatario hizo un llamado para que los periodistas reflexionen, pues \u00e9l no es un represor y enfrenta a los adversarios pol\u00edticos por v\u00edas pac\u00edficas.<\/p>\n<p>\u201cEstoy acostumbrado a luchar por esa v\u00eda y enfrentar a los adversarios en buena lid, no con el uso de la fuerza, no con trampas, no de manera inmoral, si llegu\u00e9 a donde estoy es porque conserv\u00e9 inalterables mis principios, no llegu\u00e9 dejando trozos en el camino.<\/p>\n<p>\u201cS\u00ed los exhorto a que hagan una reflexi\u00f3n de sus actos, que no procedan de manera vil, que no necesitamos reprimir a nadie, ni lo hemos hecho nunca por convicci\u00f3n ni pol\u00edticamente necesitamos reprimir a ninguna persona, a nadie, afortunadamente contamos con el apoyo del pueblo, tenemos un gran respaldo de la mayor\u00eda de los mexicanos\u201d, agreg\u00f3. Asegur\u00f3 que la inseguridad se est\u00e1 resolviendo, al igual que la econom\u00eda, por lo que su Administraci\u00f3n no est\u00e1 debilitada en lo pol\u00edtico y no se ve tentado a usar recursos del Estado para ir contra opositores. \u201cNo hay crisis de bienestar social y estamos enfrentando este problema de la inseguridad y violencia, que lo ten\u00edan como bandera, pensaron que no \u00edbamos a poder\u201d, se\u00f1al\u00f3.<\/p>\n<p>Asegur\u00f3 en conferencia de prensa que su gobierno no act\u00faa de manera perversa, sino que es partidario de la doctrina del amor al pr\u00f3jimo, y afirm\u00f3 que desde que est\u00e1 en la Presidencia no ha ordenado reprimir a nadie.<\/p>\n<p>\u201cLo m\u00e1s importante es llevar a cabo la transformaci\u00f3n que necesita el pa\u00eds de manera pac\u00edfica, por la v\u00eda democr\u00e1tica y que estoy acostumbrado a luchar por esa v\u00eda y a enfrentar a los adversarios en buena lid, no con el uso de la fuerza, no con trampas, no de manera inmoral.<\/p>\n<p>\u201cSi llegu\u00e9 hasta donde estoy es porque conserv\u00e9 inalterable mis principios, no llegue dejando otros de dignidad en el camino, tengo autoridad moral y si los exhorto a que hagan una reflexi\u00f3n de sus actos, que no procedan de manera vil, que no necesitamos reprimir a nadie, ni lo hemos hecho nunca por convicci\u00f3n, ni pol\u00edticamente necesitamos reprimir a ninguna persona, a nadie, afortunadamente contamos con el apoyo del pueblo, tenemos un gran respaldo de la mayor\u00eda de los mexicanos y ofrezco disculpas por decirlo, pero es para que se entienda, que si estuvi\u00e9semos debilitados pol\u00edticamente, a lo mejor, si no fu\u00e9semos como somos se mantendr\u00eda la tentaci\u00f3n de usar el presupuesto p\u00fablico, de hacer trampas o de reprimir\u201d, se\u00f1al\u00f3.<\/p>\n<p>En Palacio Nacional, el mandatario federal adelant\u00f3 que presentar\u00e1 un informe completo sobre esta supuesta campa\u00f1a en donde se exhibir\u00e1 qui\u00e9n lo dijo primero. \u201cLo han estado repitiendo y me preocupa porque toda esa gente, todos esos personajes del periodismo est\u00e1n muy vinculados a Salinas de Gortari, incluso L\u00f3pez-D\u00f3riga lleg\u00f3 a decir de qu\u00e9 iba a ser como cuando el asesinato de Colosio, que le echaron la culpa a Salinas, eso lleg\u00f3 a decir\u201d, expres\u00f3.<\/p>\n<p style=\"text-align: center;\"><strong>L\u00f3pez Obrador agradece a Biden por<br \/>\ndenunciar medidas antimigratorias en Texas<\/strong><\/p>\n<p>En otro tema, el presidente L\u00f3pez Obrador expres\u00f3 su agradecimiento a su hom\u00f3logo de Estados Unidos, Joe Biden, por haber atendido las notas diplom\u00e1ticas de M\u00e9xico y denunciar ante las instancias correspondientes al gobernador de Texas, Greg Abbott por medidas antimigratorias para bloquear el paso por el R\u00edo Bravo con boyas y alambrada de p\u00faas.<\/p>\n<p>El jefe del Ejecutivo estim\u00f3 que esas medidas de parte del mandatario texano le ser\u00e1n contraproducentes tanto con los ciudadanos estadunidenses como con los mexico-estadunidenses<\/p>\n<p>El mandatario fue interrogado en la ma\u00f1anera sobre la reuni\u00f3n que tuvo el lunes con el equipo de seguridad de la Casa Blanca, a lo que respondi\u00f3 que este mi\u00e9rcoles se dar\u00e1n mayores detalles, pero aprovech\u00f3 para manifestar su gratitud con el presidente estadounidense.<\/p>\n<p>\u201cLe agradecemos mucho al presidente Biden por haber enviado a la fiscal\u00eda, a los jueces, una denuncia en contra del gobernador de Texas por instalar estas boyas, estas alambradas en el R\u00edo Bravo, que est\u00e1n violando nuestra soberan\u00eda y tratados y acuerdos internacionales, tanto acuerdos bilaterales, es decir, de respeto a nuestros territorios que se tienen suscritos con el gobierno de Estados Unidos, como lo que tiene que ver con el derecho internacional, m\u00e1s lo que implica de violaci\u00f3n a los derechos humanos\u201d, remarc\u00f3 L\u00f3pez Obrador.<\/p>\n<p>Consider\u00f3 que la actitud de Biden al interponer esta demanda fue muy respetuosa con M\u00e9xico y totalmente distinta a la asumida por Abbott, quien \u201cact\u00faa de manera irresponsable, porque es m\u00e1s que nada propaganda ramplona, para decirlo en otras palabras es politiquer\u00eda, lo que est\u00e1 haciendo.<\/p>\n<p>\u201cY creo que le va a resultar contraproducente, porque los texanos, nuestros vecinos, hermanos, no van a aprobar esos desplantes ilegales, autoritarios, prepotentes e inhumanos, entonces no va a contar con apoyo de los ciudadanos de Texas y mucho menos con los mexico-estadunidenses ni tampoco con ninguna persona humanitaria que entienda las causas de la migraci\u00f3n\u201d.<\/p>\n<p>El tabasque\u00f1o lanz\u00f3 una interrogante: \u201c\u00bfQu\u00e9 es eso de poner una alambrada? Adem\u00e1s invadiendo lo que corresponde a nuestro territorio, es un acto de provocaci\u00f3n en busca de publicidad, por eso hablo de propaganda, politiquer\u00eda. No le va a funcionar, est\u00e1 muy mal asesorado. Y por el contrario estamos viendo una actitud responsable del presidente Biden y s\u00ed lo queremos subrayar\u201d.<\/p>\n","protected":false},"excerpt":{"rendered":"<p>El presidente Andr\u00e9s Manuel L\u00f3pez Obrador acus\u00f3 este martes en su ma\u00f1anera que hay una campa\u00f1a \u201cfascista\u201d, \u201cirresponsable\u201d, \u201cperversa\u201d y \u201criesgos\u00edsima\u201d, orquestada en su contra, para acusarlo de lo que pudiera sucederle a periodistas o a aspirantes presidenciales.<\/p>\n","protected":false},"author":3,"featured_media":590992,"comment_status":"open","ping_status":"open","sticky":false,"template":"","format":"standard","meta":{"_monsterinsights_skip_tracking":false,"_monsterinsights_sitenote_active":false,"_monsterinsights_sitenote_note":"","_monsterinsights_sitenote_category":0,"footnotes":""},"categories":[3],"tags":[2545,70452,19379,98292,43673,11870],"class_list":["post-590957","post","type-post","status-publish","format-standard","has-post-thumbnail","hentry","category-nacional","tag-amlo","tag-aspirante","tag-atentado","tag-culparlo","tag-nacional","tag-periodista"],"_links":{"self":[{"href":"https:\/\/www.diarioimagen.net\/index.php?rest_route=\/wp\/v2\/posts\/590957","targetHints":{"allow":["GET"]}}],"collection":[{"href":"https:\/\/www.diarioimagen.net\/index.php?rest_route=\/wp\/v2\/posts"}],"about":[{"href":"https:\/\/www.diarioimagen.net\/index.php?rest_route=\/wp\/v2\/types\/post"}],"author":[{"embeddable":true,"href":"https:\/\/www.diarioimagen.net\/index.php?rest_route=\/wp\/v2\/users\/3"}],"replies":[{"embeddable":true,"href":"https:\/\/www.diarioimagen.net\/index.php?rest_route=%2Fwp%2Fv2%2Fcomments&post=590957"}],"version-history":[{"count":0,"href":"https:\/\/www.diarioimagen.net\/index.php?rest_route=\/wp\/v2\/posts\/590957\/revisions"}],"wp:featuredmedia":[{"embeddable":true,"href":"https:\/\/www.diarioimagen.net\/index.php?rest_route=\/wp\/v2\/media\/590992"}],"wp:attachment":[{"href":"https:\/\/www.diarioimagen.net\/index.php?rest_route=%2Fwp%2Fv2%2Fmedia&parent=590957"}],"wp:term":[{"taxonomy":"category","embeddable":true,"href":"https:\/\/www.diarioimagen.net\/index.php?rest_route=%2Fwp%2Fv2%2Fcategories&post=590957"},{"taxonomy":"post_tag","embeddable":true,"href":"https:\/\/www.diarioimagen.net\/index.php?rest_route=%2Fwp%2Fv2%2Ftags&post=590957"}],"curies":[{"name":"wp","href":"https:\/\/api.w.org\/{rel}","templated":true}]}}