{"id":591070,"date":"2023-07-27T00:02:50","date_gmt":"2023-07-27T06:02:50","guid":{"rendered":"https:\/\/www.diarioimagen.net\/?p=591070"},"modified":"2023-07-27T02:02:04","modified_gmt":"2023-07-27T08:02:04","slug":"plantea-el-lider-cetemista-janitzio-soto-regreso-de-becas-a-hijos-de-trabajadores","status":"publish","type":"post","link":"https:\/\/www.diarioimagen.net\/?p=591070","title":{"rendered":"Plantea el l\u00edder cetemista Janitzio Soto regreso de becas a hijos de trabajadores"},"content":{"rendered":"<p>&nbsp;<\/p>\n<ul>\n<li><strong><em>Fueron eliminadas en esta administraci\u00f3n estatal<\/em><\/strong><\/li>\n<\/ul>\n<p>&nbsp;<\/p>\n<div id=\"attachment_591156\" style=\"width: 470px\" class=\"wp-caption aligncenter\"><a href=\"https:\/\/www.diarioimagen.net\/?attachment_id=591156\" rel=\"attachment wp-att-591156\"><img loading=\"lazy\" decoding=\"async\" aria-describedby=\"caption-attachment-591156\" class=\"size-full wp-image-591156\" src=\"https:\/\/www.diarioimagen.net\/wp-content\/uploads\/2023\/07\/plantea-lider.jpg\" alt=\"\" width=\"460\" height=\"270\" \/><\/a><p id=\"caption-attachment-591156\" class=\"wp-caption-text\">El l\u00edder cetemistas Janitzio Soto Elguera se\u00f1al\u00f3 que ser\u00eda muy bueno que regresaran las 15 mil becas a los hijos\u00a0de los obreros mexiquenses.<\/p><\/div>\n<p>&nbsp;<\/p>\n<p><strong>Tlalnepantla, Estado de M\u00e9xico.\u2014<\/strong> El l\u00edder sindical de la Confederaci\u00f3n de Trabajadores de M\u00e9xico\u00a0 (CTM ) Janitzio Soto Elguera asegur\u00f3 que los empresarios mexiquenses est\u00e1n tranquilos con la llegada de la gobernadora electa Delfina G\u00f3mez, toda vez que ya tienen alguna referencia de la\u00a0 forma de gobernar y que esperan buenas inversiones e incluso coment\u00f3 que ser\u00eda muy bueno que regresaran las 15 mil becas a los hijos de los obreros mexiquenses, que fueron eliminadas durante la actual administraci\u00f3n estatal<\/p>\n<p>Soto Helguera se\u00f1al\u00f3 que ser\u00eda importante ese acercamiento con la gobernadora electa, cuya formaci\u00f3n magisterial le permitir\u00eda apoyar el regreso de este programa de becas, iniciado en tiempos del gobernador Emilio Chuayffet, que permit\u00eda que los hijos de los trabajadores estudiaran incluso a nivel profesional, pero fue suspendido desde hace 5 a\u00f1os por el gobierno estatal.<\/p>\n<p>El l\u00edder sindical explic\u00f3 que el actual gobierno, sin anunciarlo, les quit\u00f3 las becas a los hijos de los trabajadores mexiquenses \u201cy esto fue un golpe muy duro para el sector, estamos buscando documentar al gobierno que est\u00e1 por entrar, que era un programa que beneficiaba a los hijos de los trabajadores que se empe\u00f1an en estudiar, sacan buenas calificaciones, pero a veces a sus pap\u00e1s no les alcanza, porque hay padres de familia que aunque tengan buen salario, pagan la casa del Infonavit, los gastos de la casa\u201d.<\/p>\n","protected":false},"excerpt":{"rendered":"<p>El l\u00edder sindical de la Confederaci\u00f3n de Trabajadores de M\u00e9xico\u00a0 (CTM ) Janitzio Soto Elguera asegur\u00f3 que los empresarios mexiquenses est\u00e1n tranquilos con la llegada de la gobernadora electa Delfina G\u00f3mez, toda vez que ya tienen alguna referencia de la\u00a0 forma de gobernar y que esperan buenas inversiones e incluso coment\u00f3 que ser\u00eda muy bueno que regresaran las 15 mil becas a los hijos de los obreros mexiquenses, que fueron eliminadas durante la actual administraci\u00f3n estatal<\/p>\n","protected":false},"author":3,"featured_media":591156,"comment_status":"open","ping_status":"open","sticky":false,"template":"","format":"standard","meta":{"_monsterinsights_skip_tracking":false,"_monsterinsights_sitenote_active":false,"_monsterinsights_sitenote_note":"","_monsterinsights_sitenote_category":0,"footnotes":""},"categories":[5],"tags":[11642,98298],"class_list":["post-591070","post","type-post","status-publish","format-standard","has-post-thumbnail","hentry","category-estado-de-mexico","tag-becas","tag-cetemista"],"_links":{"self":[{"href":"https:\/\/www.diarioimagen.net\/index.php?rest_route=\/wp\/v2\/posts\/591070","targetHints":{"allow":["GET"]}}],"collection":[{"href":"https:\/\/www.diarioimagen.net\/index.php?rest_route=\/wp\/v2\/posts"}],"about":[{"href":"https:\/\/www.diarioimagen.net\/index.php?rest_route=\/wp\/v2\/types\/post"}],"author":[{"embeddable":true,"href":"https:\/\/www.diarioimagen.net\/index.php?rest_route=\/wp\/v2\/users\/3"}],"replies":[{"embeddable":true,"href":"https:\/\/www.diarioimagen.net\/index.php?rest_route=%2Fwp%2Fv2%2Fcomments&post=591070"}],"version-history":[{"count":0,"href":"https:\/\/www.diarioimagen.net\/index.php?rest_route=\/wp\/v2\/posts\/591070\/revisions"}],"wp:featuredmedia":[{"embeddable":true,"href":"https:\/\/www.diarioimagen.net\/index.php?rest_route=\/wp\/v2\/media\/591156"}],"wp:attachment":[{"href":"https:\/\/www.diarioimagen.net\/index.php?rest_route=%2Fwp%2Fv2%2Fmedia&parent=591070"}],"wp:term":[{"taxonomy":"category","embeddable":true,"href":"https:\/\/www.diarioimagen.net\/index.php?rest_route=%2Fwp%2Fv2%2Fcategories&post=591070"},{"taxonomy":"post_tag","embeddable":true,"href":"https:\/\/www.diarioimagen.net\/index.php?rest_route=%2Fwp%2Fv2%2Ftags&post=591070"}],"curies":[{"name":"wp","href":"https:\/\/api.w.org\/{rel}","templated":true}]}}