{"id":591073,"date":"2023-07-27T00:03:11","date_gmt":"2023-07-27T06:03:11","guid":{"rendered":"https:\/\/www.diarioimagen.net\/?p=591073"},"modified":"2023-07-27T02:01:27","modified_gmt":"2023-07-27T08:01:27","slug":"se-incrementan-los-trabajos-de-desazolve-por-lluvias-en-cuautitlan-izcalli","status":"publish","type":"post","link":"https:\/\/www.diarioimagen.net\/?p=591073","title":{"rendered":"Se incrementan los trabajos de desazolve por lluvias en Cuautitl\u00e1n Izcalli"},"content":{"rendered":"<p>&nbsp;<\/p>\n<div id=\"attachment_591154\" style=\"width: 470px\" class=\"wp-caption aligncenter\"><a href=\"https:\/\/www.diarioimagen.net\/?attachment_id=591154\" rel=\"attachment wp-att-591154\"><img loading=\"lazy\" decoding=\"async\" aria-describedby=\"caption-attachment-591154\" class=\"size-full wp-image-591154\" src=\"https:\/\/www.diarioimagen.net\/wp-content\/uploads\/2023\/07\/incrementan-trabajos.jpg\" alt=\"\" width=\"460\" height=\"270\" \/><\/a><p id=\"caption-attachment-591154\" class=\"wp-caption-text\">Seg\u00fan encuesta de Massive Caller, publicada el pasado 18 de julio, Morena arrasar\u00eda en la pr\u00f3xima elecci\u00f3n municipal en Coacalco.<\/p><\/div>\n<p>&nbsp;<\/p>\n<p><strong>Cuautitl\u00e1n Izcalli, Estado de M\u00e9xico.\u2014 <\/strong>Luego de las intensas lluvias registradas en las \u00faltimas horas, el gobierno municipal que preside Karla Fiesco Garc\u00eda, inform\u00f3 que desde el pasado martes, personal de Operagua Izcalli, Servicios P\u00fablicos, Protecci\u00f3n Civil y Bomberos, Obras P\u00fablicas, Seguridad P\u00fablica y Tr\u00e1nsito y la Comisi\u00f3n del Agua del Estado de M\u00e9xico (CAEM), realizan trabajos de seguridad, preventivos, de limpieza y desazolve en la presa El \u00c1ngulo, adem\u00e1s de mantener un monitoreo permanente en el embalse.<\/p>\n","protected":false},"excerpt":{"rendered":"<p>Luego de las intensas lluvias registradas en las \u00faltimas horas, el gobierno municipal que preside Karla Fiesco Garc\u00eda, inform\u00f3 que desde el pasado martes, personal de Operagua Izcalli, Servicios P\u00fablicos, Protecci\u00f3n Civil y Bomberos, Obras P\u00fablicas, Seguridad P\u00fablica y Tr\u00e1nsito y la Comisi\u00f3n del Agua del Estado de M\u00e9xico (CAEM), realizan trabajos de seguridad, preventivos, de limpieza y desazolve en la presa El \u00c1ngulo, adem\u00e1s de mantener un monitoreo permanente en el embalse.<\/p>\n","protected":false},"author":3,"featured_media":591154,"comment_status":"open","ping_status":"open","sticky":false,"template":"","format":"standard","meta":{"_monsterinsights_skip_tracking":false,"_monsterinsights_sitenote_active":false,"_monsterinsights_sitenote_note":"","_monsterinsights_sitenote_category":0,"footnotes":""},"categories":[5],"tags":[50507,1849],"class_list":["post-591073","post","type-post","status-publish","format-standard","has-post-thumbnail","hentry","category-estado-de-mexico","tag-desazolve","tag-lluvias"],"_links":{"self":[{"href":"https:\/\/www.diarioimagen.net\/index.php?rest_route=\/wp\/v2\/posts\/591073","targetHints":{"allow":["GET"]}}],"collection":[{"href":"https:\/\/www.diarioimagen.net\/index.php?rest_route=\/wp\/v2\/posts"}],"about":[{"href":"https:\/\/www.diarioimagen.net\/index.php?rest_route=\/wp\/v2\/types\/post"}],"author":[{"embeddable":true,"href":"https:\/\/www.diarioimagen.net\/index.php?rest_route=\/wp\/v2\/users\/3"}],"replies":[{"embeddable":true,"href":"https:\/\/www.diarioimagen.net\/index.php?rest_route=%2Fwp%2Fv2%2Fcomments&post=591073"}],"version-history":[{"count":0,"href":"https:\/\/www.diarioimagen.net\/index.php?rest_route=\/wp\/v2\/posts\/591073\/revisions"}],"wp:featuredmedia":[{"embeddable":true,"href":"https:\/\/www.diarioimagen.net\/index.php?rest_route=\/wp\/v2\/media\/591154"}],"wp:attachment":[{"href":"https:\/\/www.diarioimagen.net\/index.php?rest_route=%2Fwp%2Fv2%2Fmedia&parent=591073"}],"wp:term":[{"taxonomy":"category","embeddable":true,"href":"https:\/\/www.diarioimagen.net\/index.php?rest_route=%2Fwp%2Fv2%2Fcategories&post=591073"},{"taxonomy":"post_tag","embeddable":true,"href":"https:\/\/www.diarioimagen.net\/index.php?rest_route=%2Fwp%2Fv2%2Ftags&post=591073"}],"curies":[{"name":"wp","href":"https:\/\/api.w.org\/{rel}","templated":true}]}}