{"id":591082,"date":"2023-07-27T00:01:36","date_gmt":"2023-07-27T06:01:36","guid":{"rendered":"https:\/\/www.diarioimagen.net\/?p=591082"},"modified":"2023-07-27T02:05:13","modified_gmt":"2023-07-27T08:05:13","slug":"quintana-roo-primer-lugar-nacional-en-comercio-minorista-segun-el-inegi","status":"publish","type":"post","link":"https:\/\/www.diarioimagen.net\/?p=591082","title":{"rendered":"Quintana Roo, primer lugar nacional en comercio minorista, seg\u00fan el Inegi"},"content":{"rendered":"<p>&nbsp;<\/p>\n<h2 style=\"text-align: center;\">Con un alza de 5.38 puntos porcentuales<\/h2>\n<p>&nbsp;<\/p>\n<ul>\n<li><strong><em>Por encima de la Ciudad de M\u00e9xico, pese a que tiene una mayor poblaci\u00f3n<\/em><\/strong><\/li>\n<\/ul>\n<p><strong>\u00a0<\/strong><\/p>\n<div id=\"attachment_591164\" style=\"width: 470px\" class=\"wp-caption aligncenter\"><a href=\"https:\/\/www.diarioimagen.net\/?attachment_id=591164\" rel=\"attachment wp-att-591164\"><img loading=\"lazy\" decoding=\"async\" aria-describedby=\"caption-attachment-591164\" class=\"size-full wp-image-591164\" src=\"https:\/\/www.diarioimagen.net\/wp-content\/uploads\/2023\/07\/MINORISTA.jpg\" alt=\"\" width=\"460\" height=\"270\" \/><\/a><p id=\"caption-attachment-591164\" class=\"wp-caption-text\">El Inegi refiere que Quintana Roo se coloc\u00f3 en el primer lugar a nivel nacional con el incremento m\u00e1s alto del comercio minorista.<\/p><\/div>\n<p>&nbsp;<\/p>\n<p>De acuerdo con el Instituto Nacional de Estad\u00edstica y Geograf\u00eda (Inegi), Quintana Roo se coloc\u00f3 en el primer lugar a nivel nacional con el incremento m\u00e1s alto del comercio minorista durante los primeros cinco meses del 2023, pues con 5.38 por ciento, se rebasaron los niveles pre pandemia en derrama y visitantes tan solo en la industria tur\u00edstica.<\/p>\n<p>Asimismo, se inform\u00f3 que los ingresos totales por suministro de bienes y servicios del comercio al por menor crecieron 4.48 por ciento anualmente, lo que representa la variable m\u00e1s importante en la econom\u00eda mexicana.<\/p>\n<p>De acuerdo con el Instituto, lo anterior es resultado de las alzas anuales que tuvieron todos los estados en su comercio minorista, como consecuencia de una baja en la tasa de desempleo, as\u00ed como el incremento en el salario m\u00ednimo y el aumento de las remesas.<\/p>\n<p>Al mismo tiempo, lo anterior permiti\u00f3 amortizar la elevada inflaci\u00f3n y el alto costo financiero, en el caso de la inflaci\u00f3n no tuvo freno durante los primeros meses de este 2023, pero en la actualidad, ya se empieza a ver una desaceleraci\u00f3n.<\/p>\n<p>Con estos n\u00fameros, Quintana Roo, qued\u00f3 por encima de la Ciudad de M\u00e9xico, que en su caso tuvo un alza de 5.10 por ciento, y la mayor cantidad de habitantes, asimismo, la econom\u00eda m\u00e1s grande de todo el pa\u00eds.<\/p>\n<p>Cabe destacar que tanto la Ciudad de M\u00e9xico como Quintana Roo, son las entidades operadoras m\u00e1s importantes para que el consumo privado en el territorio nacional se mantuviera resistente y s\u00f3lido, frente al desgaste que hab\u00eda del poder adquisitivo durante la contingencia sanitaria, siendo que ambos estados tambi\u00e9n fueron los m\u00e1s afectados por la en ese periodo.\u00a0 Los estados que le siguieron en el rango de crecimiento del 4 a 5 por ciento, fueron Tabasco, Guerrero, Baja California Sur, Chiapas, Baja California, Coahuila, Quer\u00e9taro, Campeche, Morelos, Veracruz y Estado de M\u00e9xico, seg\u00fan datos del Inegi.<\/p>\n","protected":false},"excerpt":{"rendered":"<p>De acuerdo con el Instituto Nacional de Estad\u00edstica y Geograf\u00eda (Inegi), Quintana Roo se coloc\u00f3 en el primer lugar a nivel nacional con el incremento m\u00e1s alto del comercio minorista durante los primeros cinco meses del 2023, pues con 5.38 por ciento, se rebasaron los niveles pre pandemia en derrama y visitantes tan solo en la industria tur\u00edstica.<\/p>\n","protected":false},"author":3,"featured_media":591164,"comment_status":"open","ping_status":"open","sticky":false,"template":"","format":"standard","meta":{"_monsterinsights_skip_tracking":false,"_monsterinsights_sitenote_active":false,"_monsterinsights_sitenote_note":"","_monsterinsights_sitenote_category":0,"footnotes":""},"categories":[8],"tags":[98302,193],"class_list":["post-591082","post","type-post","status-publish","format-standard","has-post-thumbnail","hentry","category-finanzas","tag-comercio-minorista","tag-inegi"],"_links":{"self":[{"href":"https:\/\/www.diarioimagen.net\/index.php?rest_route=\/wp\/v2\/posts\/591082","targetHints":{"allow":["GET"]}}],"collection":[{"href":"https:\/\/www.diarioimagen.net\/index.php?rest_route=\/wp\/v2\/posts"}],"about":[{"href":"https:\/\/www.diarioimagen.net\/index.php?rest_route=\/wp\/v2\/types\/post"}],"author":[{"embeddable":true,"href":"https:\/\/www.diarioimagen.net\/index.php?rest_route=\/wp\/v2\/users\/3"}],"replies":[{"embeddable":true,"href":"https:\/\/www.diarioimagen.net\/index.php?rest_route=%2Fwp%2Fv2%2Fcomments&post=591082"}],"version-history":[{"count":0,"href":"https:\/\/www.diarioimagen.net\/index.php?rest_route=\/wp\/v2\/posts\/591082\/revisions"}],"wp:featuredmedia":[{"embeddable":true,"href":"https:\/\/www.diarioimagen.net\/index.php?rest_route=\/wp\/v2\/media\/591164"}],"wp:attachment":[{"href":"https:\/\/www.diarioimagen.net\/index.php?rest_route=%2Fwp%2Fv2%2Fmedia&parent=591082"}],"wp:term":[{"taxonomy":"category","embeddable":true,"href":"https:\/\/www.diarioimagen.net\/index.php?rest_route=%2Fwp%2Fv2%2Fcategories&post=591082"},{"taxonomy":"post_tag","embeddable":true,"href":"https:\/\/www.diarioimagen.net\/index.php?rest_route=%2Fwp%2Fv2%2Ftags&post=591082"}],"curies":[{"name":"wp","href":"https:\/\/api.w.org\/{rel}","templated":true}]}}