{"id":591199,"date":"2023-07-28T00:01:04","date_gmt":"2023-07-28T06:01:04","guid":{"rendered":"https:\/\/www.diarioimagen.net\/?p=591199"},"modified":"2023-07-28T03:27:07","modified_gmt":"2023-07-28T09:27:07","slug":"la-brecha-entre-ricos-y-pobres-se-ha-reducido-destaca-lopez-obrador","status":"publish","type":"post","link":"https:\/\/www.diarioimagen.net\/?p=591199","title":{"rendered":"La brecha entre ricos y pobres se ha reducido, destaca L\u00f3pez Obrador"},"content":{"rendered":"<p>&nbsp;<\/p>\n<h3 style=\"text-align: center;\">Encuesta Nacional de Ingresos de los Hogares<\/h3>\n<p><em>\u00a0<\/em><\/p>\n<ul>\n<li><strong><em>Hay aumento en el bienestar de las personas, <\/em><em>en particular de las m\u00e1s vulnerables, se\u00f1ala<\/em><\/strong><\/li>\n<\/ul>\n<p>&nbsp;<\/p>\n<div id=\"attachment_591281\" style=\"width: 470px\" class=\"wp-caption aligncenter\"><a href=\"https:\/\/www.diarioimagen.net\/?attachment_id=591281\" rel=\"attachment wp-att-591281\"><img loading=\"lazy\" decoding=\"async\" aria-describedby=\"caption-attachment-591281\" class=\"size-full wp-image-591281\" src=\"https:\/\/www.diarioimagen.net\/wp-content\/uploads\/2023\/07\/amlo-11.jpg\" alt=\"\" width=\"460\" height=\"270\" \/><\/a><p id=\"caption-attachment-591281\" class=\"wp-caption-text\">Andr\u00e9s Manuel L\u00f3pez Obrador destac\u00f3 que la brecha entre los m\u00e1s ricos y los m\u00e1s pobres se ha reducido en seis puntos, en lo que va de su gobierno<\/p><\/div>\n<p>&nbsp;<\/p>\n<p>El presidente Andr\u00e9s Manuel L\u00f3pez Obrador destac\u00f3 que la brecha entre los m\u00e1s ricos y los m\u00e1s pobres se ha reducido en seis puntos en lo que va de su gobierno, luego de celebrar los resultados de la Encuesta Nacional de Ingresos de los Hogares realizada por el Instituto Nacional de Estad\u00edstica y Geograf\u00eda (Inegi).<\/p>\n<p>De acuerdo a datos de esta encuesta, en 2016 los m\u00e1s ricos ten\u00edan ingresos 21 veces m\u00e1s altos que el decil m\u00e1s bajo; mientras que hasta julio de 2022, esa brecha se coloc\u00f3 en 15 veces.<\/p>\n<p>L\u00f3pez Obrador destac\u00f3 que esta encuesta se recada dos a\u00f1os y en la m\u00e1s reciente, de julio de 2022, los resultados mostraron que \u201cnuestra pol\u00edtica de bienestar funciona\u201d. Se\u00f1al\u00f3 que el estudio muestra los ingresos trimestrales de la poblaci\u00f3n.<\/p>\n<p>Pese a que el estudio demuestra que ha aumentado la diferencia salarial entre hombres y mujeres, que es de hasta de 10 mil pesos, el jefe del Ejecutivo dijo que la encuesta es muy importante. Con base en las conclusiones del estudio del Inegi, el tabasque\u00f1o present\u00f3 12 puntos que evidencian un aumento en el bienestar de las personas, en particular de los m\u00e1s vulnerables.<\/p>\n<p>El ingreso laboral para 10 por ciento de los hogares m\u00e1s pobres, dijo, se increment\u00f3 en promedio 29 por ciento de 2018 a 2022 en t\u00e9rminos reales. \u201cEl tiempo que llevamos, hasta julio de 2022\u201d. Agreg\u00f3 que por programas sociales, de 2018 a 2022 se dio un aumento real de 24 por ciento para 10 por ciento de la poblaci\u00f3n m\u00e1s pobre; en comparaci\u00f3n con el periodo 2016-2018 (antes que llegara a la Presidencia), ese indicador se redujo 17 por ciento.<\/p>\n<p>\u201cEs decir, la inversi\u00f3n a los pobres mientras de 2016 a 2018 se redujo 17 por ciento nosotros, lo aumentamos de 2018 a 2022 en 24 por ciento en t\u00e9rminos reales\u201d, apunt\u00f3 el mandatario.<\/p>\n<p>En sus primeros cuatro a\u00f1os de gobierno, sigui\u00f3, las becas para el 10 por ciento m\u00e1s pobre aumentaron 187 por ciento; en cambio de 2016 a 2018 se redujeron en 55 por ciento. \u201cNo s\u00f3lo no se incrementaron, hubo una reducci\u00f3n\u201d. Para el siguiente decil m\u00e1s pobre (el dos) las becas se incrementaron en 15 por ciento de 2018 a 2022; mientras en los dos a\u00f1os previos a su administraci\u00f3n disminuyeron en 0.2 por ciento. En cuanto a salarios de 2018 a 2022 el aumento para el 10 por ciento m\u00e1s pobre fue de 41 por ciento en t\u00e9rminos reales, mientras que 2016 a 2018 se redujo en 5 por ciento en t\u00e9rminos reales. Para el segundo decil, esta cifra fue 15 por ciento de aumento y de s\u00f3lo 3 por ciento de aumento, en los respectivos periodos.<\/p>\n<p>El diez por ciento m\u00e1s pobre recibi\u00f3 por trabajo independiente en el periodo de L\u00f3pez Obrador un aumento de 19.1 por ciento en sus ingresos; mientras que de 2016 a 2018 fue de 15.4 por ciento. \u201cLa brecha de ingresos entre los m\u00e1s ricos y los m\u00e1s pobres disminuy\u00f3. Esto es la desigualdad. En 2016 los m\u00e1s ricos ganaban 21 veces m\u00e1s que los pobres, en 2022 se redujo a 15 veces m\u00e1s\u201d.<\/p>\n","protected":false},"excerpt":{"rendered":"<p>El presidente Andr\u00e9s Manuel L\u00f3pez Obrador destac\u00f3 que la brecha entre los m\u00e1s ricos y los m\u00e1s pobres se ha reducido en seis puntos en lo que va de su gobierno, luego de celebrar los resultados de la Encuesta Nacional de Ingresos de los Hogares realizada por el Instituto Nacional de Estad\u00edstica y Geograf\u00eda (Inegi).<\/p>\n","protected":false},"author":3,"featured_media":591281,"comment_status":"open","ping_status":"open","sticky":false,"template":"","format":"standard","meta":{"_monsterinsights_skip_tracking":false,"_monsterinsights_sitenote_active":false,"_monsterinsights_sitenote_note":"","_monsterinsights_sitenote_category":0,"footnotes":""},"categories":[3],"tags":[2545,66116,96500],"class_list":["post-591199","post","type-post","status-publish","format-standard","has-post-thumbnail","hentry","category-nacional","tag-amlo","tag-brecha","tag-pobre"],"_links":{"self":[{"href":"https:\/\/www.diarioimagen.net\/index.php?rest_route=\/wp\/v2\/posts\/591199","targetHints":{"allow":["GET"]}}],"collection":[{"href":"https:\/\/www.diarioimagen.net\/index.php?rest_route=\/wp\/v2\/posts"}],"about":[{"href":"https:\/\/www.diarioimagen.net\/index.php?rest_route=\/wp\/v2\/types\/post"}],"author":[{"embeddable":true,"href":"https:\/\/www.diarioimagen.net\/index.php?rest_route=\/wp\/v2\/users\/3"}],"replies":[{"embeddable":true,"href":"https:\/\/www.diarioimagen.net\/index.php?rest_route=%2Fwp%2Fv2%2Fcomments&post=591199"}],"version-history":[{"count":0,"href":"https:\/\/www.diarioimagen.net\/index.php?rest_route=\/wp\/v2\/posts\/591199\/revisions"}],"wp:featuredmedia":[{"embeddable":true,"href":"https:\/\/www.diarioimagen.net\/index.php?rest_route=\/wp\/v2\/media\/591281"}],"wp:attachment":[{"href":"https:\/\/www.diarioimagen.net\/index.php?rest_route=%2Fwp%2Fv2%2Fmedia&parent=591199"}],"wp:term":[{"taxonomy":"category","embeddable":true,"href":"https:\/\/www.diarioimagen.net\/index.php?rest_route=%2Fwp%2Fv2%2Fcategories&post=591199"},{"taxonomy":"post_tag","embeddable":true,"href":"https:\/\/www.diarioimagen.net\/index.php?rest_route=%2Fwp%2Fv2%2Ftags&post=591199"}],"curies":[{"name":"wp","href":"https:\/\/api.w.org\/{rel}","templated":true}]}}