{"id":591324,"date":"2023-07-31T00:02:37","date_gmt":"2023-07-31T06:02:37","guid":{"rendered":"https:\/\/www.diarioimagen.net\/?p=591324"},"modified":"2023-08-01T01:10:47","modified_gmt":"2023-08-01T07:10:47","slug":"inegi-confirma-que-pago-derecho-de-piso-para-hacer-el-censo-agropecuario","status":"publish","type":"post","link":"https:\/\/www.diarioimagen.net\/?p=591324","title":{"rendered":"Inegi confirma que pag\u00f3 \u201cderecho de piso\u201d para hacer el Censo Agropecuario"},"content":{"rendered":"<p>&nbsp;<\/p>\n<ul>\n<li><em><strong>Inseguridad, principal obst\u00e1culo para realizar su labor<\/strong><\/em><\/li>\n<\/ul>\n<p>&nbsp;<\/p>\n<div id=\"attachment_591411\" style=\"width: 470px\" class=\"wp-caption aligncenter\"><a href=\"https:\/\/www.diarioimagen.net\/?attachment_id=591411\" rel=\"attachment wp-att-591411\"><img loading=\"lazy\" decoding=\"async\" aria-describedby=\"caption-attachment-591411\" class=\"size-full wp-image-591411\" src=\"https:\/\/www.diarioimagen.net\/wp-content\/uploads\/2023\/07\/INEGI-DERECHO-DE-PISO.jpg\" alt=\"\" width=\"460\" height=\"270\" \/><\/a><p id=\"caption-attachment-591411\" class=\"wp-caption-text\">La inseguridad en comunidades rurales es el principal obst\u00e1culo para que los encuestadores del Inegi realicen sus tareas protegiendo su integridad.<\/p><\/div>\n<p>&nbsp;<\/p>\n<p>La directora general adjunta de Censos Econ\u00f3micos y Agropecuarios, del Inegi, Susana P\u00e9rez Cadena, confirm\u00f3, durante una reuni\u00f3n de trabajo con la Comisi\u00f3n de Presupuesto y Cuenta P\u00fablica de la C\u00e1mara de Diputados, que encuestadores tuvieron que pagar \u201cderecho de piso\u201d a los grupos de la delincuencia organizada en comunidades de algunas zzonas del pa\u00eds para que les permitieran realizar el Censo Agropecuario 2022.<\/p>\n<p>La funcionara del Inegi se\u00f1al\u00f3 que uno de los obst\u00e1culos que enfrentaron para hacer su trabajo en m\u00e1s de 25 mil localidades del pa\u00eds es el de la inseguridad, para llevar a cabo sus tareas y proteger la integridad de su personal.<\/p>\n<p>P\u00e9rez Cadena detall\u00f3 que las oficinas estatales del Inegi cuentan con conocimientos \u201cprofundos\u201d y \u201cdetallados\u201d sobre c\u00f3mo abordar las zonas m\u00e1s conflictivas del pa\u00eds, Generalmente son los \u00e1mbitos rurales, explic\u00f3, donde la presencia del narco es m\u00e1s \u201cclara\u201d, \u201cconcentrada\u201d y \u201cvisible\u201d. \u201cHay muchas estrategias diversas. En algunos casos hay que pagar ciertas cifras para poder entrar, o hasta contratar personal de la zona que conozca muy bien a la gente de la localidad que est\u00e1 siendo censada y que adem\u00e1s sea conocida de quienes pudieran estar incurriendo en cuestiones de delincuencia organizada. Con eso, la entrada a todos los lugares es muy sencilla\u201d, explic\u00f3<\/p>\n<p>Revel\u00f3 que durante la realizaci\u00f3n del censo enfrentaron algunos \u201cobst\u00e1culos\u201d como el \u201csecuestro\u201d o privaci\u00f3n de la libertad de una persona.<\/p>\n<p>\u201cS\u00ed, tuvimos algunos tropiezos. El primer d\u00eda tuvimos a una persona pues digamos como \u2018secuestrada\u2019 y dur\u00f3 varios d\u00edas as\u00ed, pero, despu\u00e9s de eso, ya no tuvimos m\u00e1s. La verdad es que la experiencia del Inegi creo que nos salva mucho\u201d.<\/p>\n<p>El Censo Agropecuario 2022, cuyos resultados ser\u00e1n dados a conocer p\u00fablicamente el pr\u00f3ximo mes de noviembre, se realiz\u00f3 con la intenci\u00f3n de brindar la informaci\u00f3n agropecuaria y forestal m\u00e1s completa y detallada de la rep\u00fablica mexicana.<\/p>\n<p style=\"text-align: center;\"><strong>Adelanto del censo agropecuario 2022<\/strong><\/p>\n<p>Durante la reuni\u00f3n del Inegi con legisladores, en el que se presentaron los resultados de este Censo Agropecuario 2022 que no se realizaba desde 2007, se inform\u00f3 que los altos costos de insumos y servicios son el principal problema que enfrentan los productores agropecuarios.<\/p>\n<p>El censo arroj\u00f3 que los factores biol\u00f3gicos, con el 36.96%, la p\u00e9rdida de fertilidad del suelo con 27.63 y la inseguridad con 21% son otros elementos que afectan la producci\u00f3n en este sector de nuestro pa\u00eds.<\/p>\n<p>El Inegi report\u00f3 que otro dato preocupante que encontr\u00f3 es que uno de cada tres productores del campo tiene m\u00e1s de 65 a\u00f1os, lo que resulta alarmante, registr\u00e1ndose un bajo cambio generacional entre los productores.<\/p>\n<p>Otro de los problemas es el abandono de tierras en entidades como Zacatecas y Coahuila, en donde se tuvo que recurrir a los ayuntamientos para verificar los datos y usar im\u00e1genes satelitales.<\/p>\n<p>En cuanto a mano de obra en el sector agropecuario, el 83.8% son hombres, es decir 22 millones 827 mil 247 y el 16.2% son mujeres.<\/p>\n","protected":false},"excerpt":{"rendered":"<p>La directora general adjunta de Censos Econ\u00f3micos y Agropecuarios, del Inegi, Susana P\u00e9rez Cadena, confirm\u00f3, durante una reuni\u00f3n de trabajo con la Comisi\u00f3n de Presupuesto y Cuenta P\u00fablica de la C\u00e1mara de Diputados, que encuestadores tuvieron que pagar \u201cderecho de piso\u201d a los grupos de la delincuencia organizada en comunidades de algunas zzonas del pa\u00eds para que les permitieran realizar el Censo Agropecuario 2022.<\/p>\n","protected":false},"author":3,"featured_media":591411,"comment_status":"open","ping_status":"open","sticky":false,"template":"","format":"standard","meta":{"_monsterinsights_skip_tracking":false,"_monsterinsights_sitenote_active":false,"_monsterinsights_sitenote_note":"","_monsterinsights_sitenote_category":0,"footnotes":""},"categories":[17,3],"tags":[98317,98316,193,43673,43677],"class_list":["post-591324","post","type-post","status-publish","format-standard","has-post-thumbnail","hentry","category-especiales","category-nacional","tag-centro-agropecuario","tag-derecho-de-pesio","tag-inegi","tag-nacional","tag-seguridad"],"_links":{"self":[{"href":"https:\/\/www.diarioimagen.net\/index.php?rest_route=\/wp\/v2\/posts\/591324","targetHints":{"allow":["GET"]}}],"collection":[{"href":"https:\/\/www.diarioimagen.net\/index.php?rest_route=\/wp\/v2\/posts"}],"about":[{"href":"https:\/\/www.diarioimagen.net\/index.php?rest_route=\/wp\/v2\/types\/post"}],"author":[{"embeddable":true,"href":"https:\/\/www.diarioimagen.net\/index.php?rest_route=\/wp\/v2\/users\/3"}],"replies":[{"embeddable":true,"href":"https:\/\/www.diarioimagen.net\/index.php?rest_route=%2Fwp%2Fv2%2Fcomments&post=591324"}],"version-history":[{"count":0,"href":"https:\/\/www.diarioimagen.net\/index.php?rest_route=\/wp\/v2\/posts\/591324\/revisions"}],"wp:featuredmedia":[{"embeddable":true,"href":"https:\/\/www.diarioimagen.net\/index.php?rest_route=\/wp\/v2\/media\/591411"}],"wp:attachment":[{"href":"https:\/\/www.diarioimagen.net\/index.php?rest_route=%2Fwp%2Fv2%2Fmedia&parent=591324"}],"wp:term":[{"taxonomy":"category","embeddable":true,"href":"https:\/\/www.diarioimagen.net\/index.php?rest_route=%2Fwp%2Fv2%2Fcategories&post=591324"},{"taxonomy":"post_tag","embeddable":true,"href":"https:\/\/www.diarioimagen.net\/index.php?rest_route=%2Fwp%2Fv2%2Ftags&post=591324"}],"curies":[{"name":"wp","href":"https:\/\/api.w.org\/{rel}","templated":true}]}}