{"id":591331,"date":"2023-07-31T00:04:35","date_gmt":"2023-07-31T06:04:35","guid":{"rendered":"https:\/\/www.diarioimagen.net\/?p=591331"},"modified":"2023-07-31T01:37:26","modified_gmt":"2023-07-31T07:37:26","slug":"don-emilio-de-65-anos-recorre-las-calles-de-atizapan-par-dar-de-comer-a-40-perros","status":"publish","type":"post","link":"https:\/\/www.diarioimagen.net\/?p=591331","title":{"rendered":"Don Emilio, de 65 a\u00f1os, recorre las calles de Atizap\u00e1n par dar de comer a 40 perros"},"content":{"rendered":"<p>&nbsp;<\/p>\n<ul>\n<li><em><strong>No recibe ninguna ayuda de programas sociales<\/strong><\/em><\/li>\n<\/ul>\n<p>&nbsp;<\/p>\n<h6>Arturo Baena<\/h6>\n<p>&nbsp;<\/p>\n<div id=\"attachment_591437\" style=\"width: 470px\" class=\"wp-caption aligncenter\"><a href=\"https:\/\/www.diarioimagen.net\/?attachment_id=591437\" rel=\"attachment wp-att-591437\"><img loading=\"lazy\" decoding=\"async\" aria-describedby=\"caption-attachment-591437\" class=\"size-full wp-image-591437\" src=\"https:\/\/www.diarioimagen.net\/wp-content\/uploads\/2023\/07\/don-emilio.jpg\" alt=\"\" width=\"460\" height=\"270\" \/><\/a><p id=\"caption-attachment-591437\" class=\"wp-caption-text\">Don Emilo recorre diariamente las calles de Atizap\u00e1n en busca de alimento para \u00e9l y sus 40 perros.<\/p><\/div>\n<p>&nbsp;<\/p>\n<p><strong>Atizap\u00e1n de Zaragoza, Estado de M\u00e9xico.\u2014<\/strong> Don Emilio tiene 65 a\u00f1os de edad, quien no es beneficiario de ning\u00fan programa social y tampoco de alguna instituci\u00f3n de gobierno, vive s\u00f3lo protegido por una lona bajo un \u00e1rbol en los campos del ex tiradero Las \u00c1guilas en este municipio, acompa\u00f1ado por una cuarentena de perros.<\/p>\n<p>Don Emilio diariamente recorre grandes distancias, desciende del ex tiradero a la parte baja de Las Bodegas, a Las Alamedas o Lomas de Atizap\u00e1n, buscando alimento para el y sus 40 perros.<\/p>\n<p>Entrevistado en el predio que ocupa al lado del campo 2 en el ex tiradero, don Emilio se\u00f1ala que nadie de las instituciones de gobierno, ni privadas le ayuda. \u201cEs la gente que me ve pasar quienes me dan un taco, son los comerciantes que me regalan pellejos, retazos de res o de puerco, lo que sea para comer\u201d, se\u00f1ala.<\/p>\n<p>En el interior de lo que \u00e9l llama su casa hay s\u00f3lo dos tarimas de madera que usa como cama para \u00e9l y sus perros.<\/p>\n<p>\u201cEstoy haciendo una casa con maderas m\u00e1s abajo, donde van a quedar dos cuartos, uno para mis perros y otro para m\u00ed\u201d, dijo el hombre quien goza de sus facultades mentales y buena salud. Al hombre con sus \u201clomitos\u201d es f\u00e1cil encontrarlo en lo que dice que es su casa muy temprano, o en el camino a Las Bodegas, en cuyo trayecto va recolectando el alimento que la gente le ofrece.<\/p>\n<p>\u201cA mis perros no les gustan las croquetas, no se porqu\u00e9 raz\u00f3n, pero les he comprado y prefieren no comer\u201d, dijo el hombre.<\/p>\n<p>A don Emilio ya le han quemado su casa, asegura que anteriormente ten\u00eda una casa de madera en el mismo sitio donde duerme y \u201cllegaron polic\u00edas y me la quemaron, pero voy construyendo poco a poco otra casa para dormir en ella con mis perros\u201d, dijo.<\/p>\n<p>El hombre domina bien a sus 40 mascotas, cuando se alteran les habla fuerte y los canes se someten a sus \u00f3rdenes, \u201cno han mordido a nadie y espero no lo hagan\u201d, dice.<\/p>\n","protected":false},"excerpt":{"rendered":"<p>Don Emilio tiene 65 a\u00f1os de edad, quien no es beneficiario de ning\u00fan programa social y tampoco de alguna instituci\u00f3n de gobierno, vive s\u00f3lo protegido por una lona bajo un \u00e1rbol en los campos del ex tiradero Las \u00c1guilas en este municipio, acompa\u00f1ado por una cuarentena de perros.<\/p>\n","protected":false},"author":3,"featured_media":591437,"comment_status":"open","ping_status":"open","sticky":false,"template":"","format":"standard","meta":{"_monsterinsights_skip_tracking":false,"_monsterinsights_sitenote_active":false,"_monsterinsights_sitenote_note":"","_monsterinsights_sitenote_category":0,"footnotes":""},"categories":[5],"tags":[3561,21667,1370,98318,43675,8887,19824],"class_list":["post-591331","post","type-post","status-publish","format-standard","has-post-thumbnail","hentry","category-estado-de-mexico","tag-atizapan-de-zaragoza","tag-ayuda","tag-comer","tag-don-emilio","tag-estado-de-mexico","tag-las-aguilas","tag-perros"],"_links":{"self":[{"href":"https:\/\/www.diarioimagen.net\/index.php?rest_route=\/wp\/v2\/posts\/591331","targetHints":{"allow":["GET"]}}],"collection":[{"href":"https:\/\/www.diarioimagen.net\/index.php?rest_route=\/wp\/v2\/posts"}],"about":[{"href":"https:\/\/www.diarioimagen.net\/index.php?rest_route=\/wp\/v2\/types\/post"}],"author":[{"embeddable":true,"href":"https:\/\/www.diarioimagen.net\/index.php?rest_route=\/wp\/v2\/users\/3"}],"replies":[{"embeddable":true,"href":"https:\/\/www.diarioimagen.net\/index.php?rest_route=%2Fwp%2Fv2%2Fcomments&post=591331"}],"version-history":[{"count":0,"href":"https:\/\/www.diarioimagen.net\/index.php?rest_route=\/wp\/v2\/posts\/591331\/revisions"}],"wp:featuredmedia":[{"embeddable":true,"href":"https:\/\/www.diarioimagen.net\/index.php?rest_route=\/wp\/v2\/media\/591437"}],"wp:attachment":[{"href":"https:\/\/www.diarioimagen.net\/index.php?rest_route=%2Fwp%2Fv2%2Fmedia&parent=591331"}],"wp:term":[{"taxonomy":"category","embeddable":true,"href":"https:\/\/www.diarioimagen.net\/index.php?rest_route=%2Fwp%2Fv2%2Fcategories&post=591331"},{"taxonomy":"post_tag","embeddable":true,"href":"https:\/\/www.diarioimagen.net\/index.php?rest_route=%2Fwp%2Fv2%2Ftags&post=591331"}],"curies":[{"name":"wp","href":"https:\/\/api.w.org\/{rel}","templated":true}]}}