{"id":591351,"date":"2023-07-31T00:01:01","date_gmt":"2023-07-31T06:01:01","guid":{"rendered":"https:\/\/www.diarioimagen.net\/?p=591351"},"modified":"2023-08-01T00:37:32","modified_gmt":"2023-08-01T06:37:32","slug":"agresiones-de-taxistas-dan-una-pesima-imagen-a-cancun","status":"publish","type":"post","link":"https:\/\/www.diarioimagen.net\/?p=591351","title":{"rendered":"Agresiones de taxistas dan una p\u00e9sima imagen a Canc\u00fan"},"content":{"rendered":"<h2>Derecho de r\u00e9plica<\/h2>\n<h5>Jos\u00e9 Luis Monta\u00f1ez<\/h5>\n<p>&nbsp;<\/p>\n<ul>\n<li><strong><em>Afirman autoridades que se aplicar\u00e1 la ley por actos violentos<\/em><\/strong><\/li>\n<\/ul>\n<p>&nbsp;<\/p>\n<div id=\"attachment_591426\" style=\"width: 470px\" class=\"wp-caption aligncenter\"><a href=\"https:\/\/www.diarioimagen.net\/?attachment_id=591426\" rel=\"attachment wp-att-591426\"><img loading=\"lazy\" decoding=\"async\" aria-describedby=\"caption-attachment-591426\" class=\"size-full wp-image-591426\" src=\"https:\/\/www.diarioimagen.net\/wp-content\/uploads\/2023\/07\/derecho-5.jpg\" alt=\"\" width=\"460\" height=\"270\" \/><\/a><p id=\"caption-attachment-591426\" class=\"wp-caption-text\">Yorzua \u201cN\u201d y Alex \u201cN\u201d fueron identificados plenamente como los agresores de un conductor tur\u00edstico en la avenida Yaxchil\u00e1n.<\/p><\/div>\n<p>&nbsp;<\/p>\n<p>Los dos taxistas que agredieron a un conductor tur\u00edstico en la avenida Yaxchil\u00e1n en Canc\u00fan el pasado mi\u00e9rcoles, est\u00e1n bajo resguardo del Ministerio P\u00fablico, hasta que se defina su situaci\u00f3n jur\u00eddica, as\u00ed lo dio a conocer la Fiscal\u00eda General de Quintana Roo.<\/p>\n<p>La Fiscal\u00eda General del Estado de Quintana Roo (FGE) inform\u00f3 que Yorzua \u201cN\u201d y Alex \u201cN\u201d, chafiretes identificados plenamente como los agresores de un conductor tur\u00edstico en la avenida Yaxchil\u00e1n, en Canc\u00fan, permanecen a disposici\u00f3n del Ministerio P\u00fablico, quien en el t\u00e9rmino constitucional correspondiente definir\u00e1 su situaci\u00f3n jur\u00eddica.<\/p>\n<p>Los imputados son se\u00f1alados por los delitos de robo calificado, da\u00f1os y lesiones; cabe destacar que en esta agresi\u00f3n, en ning\u00fan momento fueron utilizadas armas de fuego en contra de la v\u00edctima.<\/p>\n<p>Este organismo aut\u00f3nomo reitera que en este caso, se aplicar\u00e1 la ley y se actuar\u00e1 conforme a derecho, a fin de que actos como estos no queden impunes y salvaguardar la integridad de las personas.<\/p>\n<p>Por su parte, el coordinador de la Mesa de Seguridad y Justicia del Estado de Quintana Roo, Jos\u00e9 de la Pe\u00f1a, indic\u00f3 que este acto de violencia por parte de los taxistas, fue hacia la imagen tur\u00edstica del destino. Advirti\u00f3 que se aplicar\u00e1 la ley, por lo no se renovar\u00e1 la placa de los taxis involucrados en la agresi\u00f3n.<\/p>\n<p style=\"text-align: center;\"><strong>La agresi\u00f3n a conductor de camioneta tur\u00edstica<\/strong><\/p>\n<p>Una vez m\u00e1s los taxistas de Canc\u00fan volvieron a protagonizar un ataque e intimidaci\u00f3n en contra de una camioneta que transportaba, en este caso, a turistas israel\u00edes y todo qued\u00f3 documentado gracias a que un ciudadano capt\u00f3 el momento en el que los inadaptados atacaron a pedradas una Suburban sobre la avenida Yaxchil\u00e1n.<\/p>\n<p>De manera casi inmediata y en cuanto el video de lo sucedido trascendi\u00f3 en redes sociales, la inconformidad de la ciudadan\u00eda se hizo ver con comentarios que exigen que las autoridades ya le pongan un freno a estos delincuentes, que se la han pasado afectando la imagen de Canc\u00fan ante el mundo.<\/p>\n<p>La camioneta atacada no forma parte del servicio de Uber, es decir, que este hecho se suma a los m\u00faltiples reportes de agresi\u00f3n de taxistas de Canc\u00fan y Playa del Carmen sobre transportistas tur\u00edsticos, que tienen servicios pre contratados para movilizar a los viajeros durante sus vacaciones.<\/p>\n<p>Todo parece indicar que la camioneta de transporte tur\u00edstico es de la compa\u00f1\u00eda Sprinter, misma que prestaba el servicio a ciudadanos extranjeros desde la terminal de ADO, donde fue vista por los taxistas de Canc\u00fan que estuvieron persiguiendo al chofer hasta el cruce de la avenida Yaxchil\u00e1n con la Uxmal, donde le dieron alcance para amedrentarlo.<\/p>\n<p>En el video que circula en redes sociales, se ve como un grupo de taxistas del sindicato Andr\u00e9s Quintana Roo, de Canc\u00fan, rodean a la camioneta que atend\u00eda a unos j\u00f3venes de origen extranjero y de forma inmediata comienzan a insultar y a golpear la unidad.<\/p>\n<p>Uno de los taxistas encar\u00f3 al conductor de la camioneta y otro tom\u00f3 una vara y unas piedras y las arroj\u00f3 contra la unidad, misma que arranc\u00f3 en un intento de evitar la agresi\u00f3n, tirando en su camino las maletas de los turistas a los que daba servicio, no obstante, le impidieron la huida.<\/p>\n<p>Mientras tanto, los taxistas, aun cuando sab\u00edan que los estaban grabando, no detuvieron la agresi\u00f3n ni explicaron sus acciones a la gente que fue testigo de los hechos y que incluso les ped\u00eda que \u201cno espanten al turismo\u201d. Sin embargo, los taxistas en una actitud prepotente, continuaron con la agresi\u00f3n, como si estuviesen protegidos.<\/p>\n<p>Los turistas que hab\u00edan solicitado el servicio quedaron estupefactos durante unos minutos, viendo como sus maletas quedaron en la calle y los taxistas se paseaban frente a ellos con toda impunidad. Mientras tanto, el chofer de la camioneta agredida regres\u00f3 e intent\u00f3 encarar a los taxistas, pero ellos lo persiguieron por la calle hasta que lleg\u00f3 la polic\u00eda.<\/p>\n<p style=\"text-align: center;\"><strong>Advierten venta de fentanilo en Playa Cozumel y Tulum\u00a0 <\/strong><\/p>\n<p>En otro tema, autoridades de Estados Unidos emitieron una alerta a ra\u00edz de la investigaci\u00f3n de <em>Los \u00c1ngeles Times<\/em> en las farmacias de Playa del Carmen, Cozumel y Tulum, donde habr\u00edan encontrado que se venden p\u00edldoras de fentanilo a cualquiera.<\/p>\n<p>De tal manera, que el Departamento de Salud P\u00fablica del Condado de Los \u00c1ngeles advierte que existe la venta de medicamentos que podr\u00edan estar contaminados con fentanilo y otros narc\u00f3ticos en las farmacias de estos destinos, asimismo, encontraron esta irregularidad en Tijuana, Nuevo Progreso, Los Cabos y Puerto Vallarta, de tal manera, que ya no es un caso aislado en el pa\u00eds.<\/p>\n<p>Confirmaron que por lo menos seis estadounidenses vivieron una sobredosis o murieron luego de tomar p\u00edldoras falsificadas que compraron en farmacias, sin embargo, se desconoce, cu\u00e1ntas personas han sido afectadas por esta situaci\u00f3n, ya que las p\u00edldoras van empacadas con etiquetas de otros medicamentos como antibi\u00f3ticos y selladas, como si se tratara de medicamentos originales.<\/p>\n<p>De acuerdo con el medio de comunicaci\u00f3n, en varios casos se vendieron sin necesidad de receta, algunos como metanfetaminas, Adderall y fentanilo mortal como el Percocet, entre otros analg\u00e9sicos opioides, que han llegado a las manos de las v\u00edctimas o de otras personas en plena conciencia de que son medicamentos prohibidos.<\/p>\n<p>Vanda Felbab-Brown, investigadora principal de la Instituci\u00f3n Brookings que ha estudiado los c\u00e1rteles de la droga, refiri\u00f3 al medio en cuesti\u00f3n que \u201cesto es simplemente terrible, muestra una total falta de control en las farmacias. Es un asesinato institucionalizado\u201d.<\/p>\n<p>De tal manera, que ante las alertas que han hecho los gobiernos internacionales sobre la seguridad en M\u00e9xico, Gobernaci\u00f3n de Quintana Roo, recientemente, hizo una inversi\u00f3n hist\u00f3rica de 2 mil 260 millones de pesos mexicanos en patrullas, motos y chalecos para la polic\u00eda.<\/p>\n<p>El objetivo es garantizar la paz a la poblaci\u00f3n local, pero tambi\u00e9n a los turistas, ya sean nacionales o extranjeros, seg\u00fan lo coment\u00f3 en su momento la gobernadora Mara Lezama.<\/p>\n<p>\u201cEse es un fundamento b\u00e1sico del Nuevo Acuerdo por el Bienestar y el Desarrollo de Quintana Roo, poner a la gente en el centro de las decisiones, y el reclamo por recuperar la paz es uno de los m\u00e1s sentidos de la sociedad. Por eso lo asumimos como propio y tomamos la decisi\u00f3n pol\u00edtica de recobrar la paz en el estado\u201d, declar\u00f3 la gobernadora.<\/p>\n<p>Mientras tanto, y ante esta alerta de los Estados Unidos, la situaci\u00f3n en el turismo comienza a tener un panorama dif\u00edcil, ya que la ca\u00edda de este mercado en el Caribe mexicano es notable desde hace unos tres a\u00f1os a la actualidad. Y este tipo de situaciones no ayudan, por el contrario, perjudican el esfuerzo de autoridades y empresas por recuperar a los viajeros originarios del pa\u00eds vecino del norte.<\/p>\n<p><em>Escr\u00edbame a mi mail: <a href=\"mailto:montanezaguilar@gmail.com\" target=\"_blank\" rel=\"noopener noreferrer\">montanezaguilar@gmail.com<\/a><\/em><\/p>\n","protected":false},"excerpt":{"rendered":"<p><span style=\"color: #005497;\"><strong>Jos\u00e9 Luis Monta\u00f1ez<\/strong><\/span><br \/>\n<br \/>\nLos dos taxistas que agredieron a un conductor tur\u00edstico en la avenida Yaxchil\u00e1n en Canc\u00fan el pasado mi\u00e9rcoles, est\u00e1n bajo resguardo del Ministerio P\u00fablico, hasta que se defina su situaci\u00f3n jur\u00eddica, as\u00ed lo dio a conocer la Fiscal\u00eda General de Quintana Roo.<\/p>\n","protected":false},"author":3,"featured_media":591426,"comment_status":"open","ping_status":"open","sticky":false,"template":"","format":"standard","meta":{"_monsterinsights_skip_tracking":false,"_monsterinsights_sitenote_active":false,"_monsterinsights_sitenote_note":"","_monsterinsights_sitenote_category":0,"footnotes":""},"categories":[11622,25512],"tags":[47840,54579,43674],"class_list":["post-591351","post","type-post","status-publish","format-standard","has-post-thumbnail","hentry","category-jose-luis-montanez-aguilar","category-nacional-nacional","tag-derecho-de-replica","tag-jose-luis-montanez","tag-opinion"],"_links":{"self":[{"href":"https:\/\/www.diarioimagen.net\/index.php?rest_route=\/wp\/v2\/posts\/591351","targetHints":{"allow":["GET"]}}],"collection":[{"href":"https:\/\/www.diarioimagen.net\/index.php?rest_route=\/wp\/v2\/posts"}],"about":[{"href":"https:\/\/www.diarioimagen.net\/index.php?rest_route=\/wp\/v2\/types\/post"}],"author":[{"embeddable":true,"href":"https:\/\/www.diarioimagen.net\/index.php?rest_route=\/wp\/v2\/users\/3"}],"replies":[{"embeddable":true,"href":"https:\/\/www.diarioimagen.net\/index.php?rest_route=%2Fwp%2Fv2%2Fcomments&post=591351"}],"version-history":[{"count":0,"href":"https:\/\/www.diarioimagen.net\/index.php?rest_route=\/wp\/v2\/posts\/591351\/revisions"}],"wp:featuredmedia":[{"embeddable":true,"href":"https:\/\/www.diarioimagen.net\/index.php?rest_route=\/wp\/v2\/media\/591426"}],"wp:attachment":[{"href":"https:\/\/www.diarioimagen.net\/index.php?rest_route=%2Fwp%2Fv2%2Fmedia&parent=591351"}],"wp:term":[{"taxonomy":"category","embeddable":true,"href":"https:\/\/www.diarioimagen.net\/index.php?rest_route=%2Fwp%2Fv2%2Fcategories&post=591351"},{"taxonomy":"post_tag","embeddable":true,"href":"https:\/\/www.diarioimagen.net\/index.php?rest_route=%2Fwp%2Fv2%2Ftags&post=591351"}],"curies":[{"name":"wp","href":"https:\/\/api.w.org\/{rel}","templated":true}]}}