{"id":591385,"date":"2023-07-31T00:03:56","date_gmt":"2023-07-31T06:03:56","guid":{"rendered":"https:\/\/www.diarioimagen.net\/?p=591385"},"modified":"2023-07-31T00:19:18","modified_gmt":"2023-07-31T06:19:18","slug":"multimillonario-presupuesto-al-ine","status":"publish","type":"post","link":"https:\/\/www.diarioimagen.net\/?p=591385","title":{"rendered":"Multimillonario presupuesto al INE"},"content":{"rendered":"<h2>Espacio Electoral<\/h2>\n<h5>Eleazar Flores<\/h5>\n<p>&nbsp;<\/p>\n<p><strong>\u00bfSIN REGATEOS?-.<\/strong> El INE, ahora sin las cabezas divergentes al poder cuatrotero, podr\u00e1 recibir para el pr\u00f3ximo a\u00f1o el presupuesto m\u00e1s alto de su historia \u2014totalmente entendible\u2014, dado que se destinar\u00e1 a organizar los comicios de 2024, cuando habr\u00e1 elecci\u00f3n de Presidente de la Rep\u00fablica.<\/p>\n<p>Pero tambi\u00e9n de 128 senadores, 500 diputados federales y, por si eso fuera poco, elecciones de gobernador en casi una decena de entidades, con diputados locales y alcald\u00edas de importancia, pues incluyen las capitales de casi todas las entidades federativas del pa\u00eds.<\/p>\n<p>Para este magno evento, que culminar\u00e1 el primer domingo de junio de 2024, el Instituto Nacional Electoral pretende un PRESUPUESTO de cuando menos DE 24 MIL MILLONES DE PESOS, casi los mismos que en 2018, pero podr\u00edan llegar hasta los 27 mil millones. Vale recordar que en este 2023, a\u00f1o no electoral, el INE dispone de un presupuesto de 13 mil 900 millones de pesos.<\/p>\n<p>Porque no le convino ni a \u00e9l ni a su Morena, el jefe del comando guinda evit\u00f3 proponer la reducci\u00f3n del n\u00famero de senadur\u00edas y diputaciones, pues los compromisos para ubicar y reubicar a sus cuadros, noventa por ciento leales y diez por ciento eficientes, deber\u00e1 haber cabida en la renovaci\u00f3n del poder legislativo federal\u2026y tambi\u00e9n de los estados del pa\u00eds.<\/p>\n<p>Pero para esta proyecci\u00f3n presupuestal ya no habr\u00e1 estridencia opositora como la hubo con las anteriores cabezas visibles del INE, evidenci\u00e1ndose un mejor ambiente negociador con opiniones como las del presidente de la Comisi\u00f3n de Hacienda y Cuenta P\u00fablica de la C\u00e1mara baja, Erasmo Gonz\u00e1lez, a tono con el decir del presidente de Finanzas de Movimiento de Regeneraci\u00f3n Nacional, Daniel Guti\u00e9rrez, quien dijo \u201cle tenemos confianza a la consejera presidenta Guadalupe Taddei\u201d\u2026 seg\u00fan versi\u00f3n period\u00edstica de <em>El Heraldo de M\u00e9xico<\/em>\u2026 Los tiempos cambian.<\/p>\n<p>Para este espacio, m\u00e1s que ponderar anteriores divergencias o actuales coincidencias entre el INE y la Cuarta Transformaci\u00f3n y en funci\u00f3n del dicho final de que lo que cuenta son los resultados en este sentido, el \u00e1rbitro electoral ha rendido buenas cuentas por m\u00e1s ataques de los corifeos del comando guinda. Los \u00faltimos resultados en Coahuila y el estado de M\u00e9xico lo corroboran.<\/p>\n<p>Y es que contra lo que muchos medios se quejan, el INE no es la c\u00fapula y menos los declarantes en medios, sino el \u201cej\u00e9rcito civil\u201d de mujeres y hombres j\u00f3venes que recorren el pa\u00eds invitando a ciudadanos a formar parte de los integrantes de casillas y despu\u00e9s del proceso, darse a la tarea de contar los votos sin importar horarios ni el temporal imperante, no siempre el mejor.<\/p>\n<p>Ese es el ej\u00e9rcito civil integrado por vecinos y en ocasiones hasta parientes, atacados muchas veces por el jefe del comando guinda.<\/p>\n<p><em><a href=\"mailto:elefa44@gmail.com\" target=\"_blank\" rel=\"noopener noreferrer\">elefa44@gmail.com<\/a><\/em><\/p>\n","protected":false},"excerpt":{"rendered":"<p><span style=\"color: #005497;\"><strong>Eleazar Flores<\/strong><\/span><\/p>\n","protected":false},"author":3,"featured_media":0,"comment_status":"open","ping_status":"open","sticky":false,"template":"","format":"standard","meta":{"_monsterinsights_skip_tracking":false,"_monsterinsights_sitenote_active":false,"_monsterinsights_sitenote_note":"","_monsterinsights_sitenote_category":0,"footnotes":""},"categories":[81743],"tags":[81744,81776,43674],"class_list":["post-591385","post","type-post","status-publish","format-standard","hentry","category-eleazar-flores","tag-eleazar-flores","tag-espacio-electoral","tag-opinion"],"_links":{"self":[{"href":"https:\/\/www.diarioimagen.net\/index.php?rest_route=\/wp\/v2\/posts\/591385","targetHints":{"allow":["GET"]}}],"collection":[{"href":"https:\/\/www.diarioimagen.net\/index.php?rest_route=\/wp\/v2\/posts"}],"about":[{"href":"https:\/\/www.diarioimagen.net\/index.php?rest_route=\/wp\/v2\/types\/post"}],"author":[{"embeddable":true,"href":"https:\/\/www.diarioimagen.net\/index.php?rest_route=\/wp\/v2\/users\/3"}],"replies":[{"embeddable":true,"href":"https:\/\/www.diarioimagen.net\/index.php?rest_route=%2Fwp%2Fv2%2Fcomments&post=591385"}],"version-history":[{"count":0,"href":"https:\/\/www.diarioimagen.net\/index.php?rest_route=\/wp\/v2\/posts\/591385\/revisions"}],"wp:attachment":[{"href":"https:\/\/www.diarioimagen.net\/index.php?rest_route=%2Fwp%2Fv2%2Fmedia&parent=591385"}],"wp:term":[{"taxonomy":"category","embeddable":true,"href":"https:\/\/www.diarioimagen.net\/index.php?rest_route=%2Fwp%2Fv2%2Fcategories&post=591385"},{"taxonomy":"post_tag","embeddable":true,"href":"https:\/\/www.diarioimagen.net\/index.php?rest_route=%2Fwp%2Fv2%2Ftags&post=591385"}],"curies":[{"name":"wp","href":"https:\/\/api.w.org\/{rel}","templated":true}]}}