{"id":591582,"date":"2023-08-01T00:17:41","date_gmt":"2023-08-01T06:17:41","guid":{"rendered":"https:\/\/www.diarioimagen.net\/?p=591582"},"modified":"2023-08-07T21:18:40","modified_gmt":"2023-08-08T03:18:40","slug":"narcotejido-social-descomposicion-historica","status":"publish","type":"post","link":"https:\/\/www.diarioimagen.net\/?p=591582","title":{"rendered":"Narcotejido social, \u00bfdescomposici\u00f3n hist\u00f3rica?"},"content":{"rendered":"<h2>Caleidoscopio<\/h2>\n<h5>Guillermina G\u00f3mora Ord\u00f3\u00f1ez<\/h5>\n<p>&nbsp;<\/p>\n<p>Como si se tratara de una premonici\u00f3n, hace m\u00e1s de 40 a\u00f1os, <strong>Jes\u00fas Reyes Heroles<\/strong> advirti\u00f3: \u201cPensemos precavida y precautoriamente que el M\u00e9xico bronco, violento, mal llamado b\u00e1rbaro, no est\u00e1 en el sepulcro; \u00fanicamente duerme. No lo despertemos (porque) todos ser\u00edamos derrotados.\u201d<\/p>\n<p>S\u00ed, nos venci\u00f3 el M\u00e9xico bronco. La violencia habita en cada rinc\u00f3n del pa\u00eds, en sus diversas formas y facetas. Cifras del <strong>Secretariado Ejecutivo del Sistema Nacional de Seguridad P\u00fablica<\/strong>, revelan que durante junio de este a\u00f1o se registraron 15 mil 122 homicidios dolosos; el promedio diario de v\u00edctimas de homicidio doloso es de 83 casos y el feminicidio aument\u00f3, se contabilizaron 438 casos en este semestre.<\/p>\n<p>El nivel de violencia en el pa\u00eds se agudiza, la acci\u00f3n policiaca y militar resulta insuficiente e ineficaz. La estrategia del gobierno fall\u00f3, ataca las consecuencias e ignora el origen del problema: <strong>la destrucci\u00f3n del tejido social<\/strong>.<\/p>\n<p>La agresi\u00f3n se ha vuelto una constante en la casa, la escuela, la calle, el lugar de trabajo, incluso se justifica como un \u201cacto de amor\u201d, de lucha de clases y en algunos casos adquiere tintes aspiracionales. Basta ver el invasivo fen\u00f3meno de la narcocultura que llega a los hogares, en telenovelas, series de televisi\u00f3n, pel\u00edculas, corridos, dise\u00f1os de ropa y estilos de vida.<\/p>\n<p>No hay l\u00edmite, ya vimos lo sucedido en <strong>Chilpancingo, Guerrero<\/strong>, donde los c\u00e1rteles de <strong>Los Ardillos, La Nueva Familia Michoacana y Los Tlacos <\/strong>se disputan el poder pol\u00edtico, el tr\u00e1fico de drogas en todas sus variantes y otros negocios como la extorsi\u00f3n y cobro de piso.<\/p>\n<p>Expertos en seguridad y narcotr\u00e1fico afirman que los criminales controlan la regi\u00f3n en complicidad con los dirigentes locales de la pol\u00edtica, la Iglesia y algunos que hacen labores sociales de asistencia humanitaria. Una vieja historia de pactos con el crimen organizado que les garantiza la supervivencia y una paz social suspendida por alfileres.<\/p>\n<p><strong>Eduardo Guerrero, director general de Lantia Intelligence<\/strong>, afirma que Los Ardillos, tienen presencia y control en 22 municipios en Guerrero; su brazo armado es el grupo \u201cAutodefensas comunitarias por la libertad\u201d, conformado por habitantes de estos lugares.<\/p>\n<p>Por ejemplo, en Chilpancingo, Los Ardillos controlan los territorios para fines de transporte p\u00fablico y en ese negocio compite con otra organizaci\u00f3n criminal llamada Los Tlacos, con los que se ha repartido los sitios y rutas, no siempre de manera cordial y de ah\u00ed las protestas. Adem\u00e1s, en Guerrero, los alcaldes de los municipios peque\u00f1os y grandes est\u00e1n sometidos por las amenazas hasta el punto de que los criminales deciden qui\u00e9n puede o no participar en las elecciones en cada lugar.<\/p>\n<p>Incluso, el <strong>presidente Andr\u00e9s Manuel L\u00f3pez Obrador<\/strong> reconoci\u00f3 que en algunos lugares de Guerrero el crimen organizado cuenta con autoridades municipales a las cuales impulsaron para lograr el triunfo y advirti\u00f3 que la violencia en la entidad no va a desaparecer por \u201carte de magia\u201d.<\/p>\n<p>El pasado 12 de julio, en \u201cla ma\u00f1anera\u201d, L\u00f3pez Obrador acept\u00f3 que hay zonas del pa\u00eds donde grupos de la delincuencia organizada cuentan con una base social que las protege y les permite actuar en impunidad y puso como ejemplo lo que ocurre en Chiapas:<\/p>\n<p>\u201cEn los \u00faltimos tiempos, ya lleva a\u00f1os, empezaron a operar bandas de la delincuencia organizada en la Lacandona, de hace 20, 30 a\u00f1os, por los l\u00edmites con Guatemala\u2026 en el municipio de Benem\u00e9rito de las Am\u00e9ricas, Chiapas, por ejemplo, pobladores apoyan a criminales para que puedan descargar cargamentos de coca\u00edna\u201d<\/p>\n<p>Otra muestra palpable del M\u00e9xico bronco y la socializaci\u00f3n del delito es lo que sucede en <strong>Puebla, Hidalgo y Guanajuato, <\/strong>con los <strong>\u201chuachicoleros\u201d<\/strong>, donde el robo de hidrocarburo es visto como un \u201ctrabajo\u201d en el que la gente se involucra, robando, vendiendo y trasladando combustible, obteniendo ganancias econ\u00f3micas sin remordimiento alguno, hasta crearon un aliado celestial: El \u201cSanto Ni\u00f1o huachicolero\u201d.<\/p>\n<p>Lamentablemente, la socializaci\u00f3n del crimen, alcanz\u00f3 al bono demogr\u00e1fico nacional. En el informe \u201cViolencia, ni\u00f1ez y crimen organizado\u201d, la <strong>Comisi\u00f3n Interamericana de Derechos Humanos, <\/strong>expone c\u00f3mo los ni\u00f1os son \u201cintegrados\u201d a organizaciones criminales a partir de los 10 y 11 a\u00f1os de edad. Revela que alrededor de 30 mil ni\u00f1os y j\u00f3venes en M\u00e9xico trabajan para la delincuencia organizada en actividades que van desde la extorsi\u00f3n, el tr\u00e1fico de personas, el secuestro, hasta la pirater\u00eda y el narcotr\u00e1fico.<\/p>\n<p>&nbsp;<\/p>\n<p>\u00bfSer\u00e1 que, por salud p\u00fablica, debemos atender la sugerencia de <strong>Sara Sefchovich<\/strong>, soci\u00f3loga y escritora, que plasma en su libro <strong><em>\u00a1Atr\u00e9vete! Propuesta hereje contra la violencia en M\u00e9xico<\/em>,<\/strong> donde se\u00f1ala: \u201cFracasadas las acciones gubernamentales\u2026 \u00bfLa \u00fanica soluci\u00f3n est\u00e1 en un movimiento de abajo hacia arriba\u2026 enfrentar la delincuencia desde el \u00e1mbito familiar, con las armas del afecto\u201d?<\/p>\n<p style=\"text-align: center;\"><strong>VERICUENTOS<\/strong><\/p>\n<p style=\"text-align: center;\"><strong>Violencia electoral<\/strong><\/p>\n<p>Reza la sabidur\u00eda popular que, \u201ces mejor prevenir que corregir\u201d y la <strong>senadora X\u00f3chitl G\u00e1lvez <\/strong>anunci\u00f3 que, si bien \u201cno ha visto nada raro que pueda preocuparle,\u201d dejar\u00e1 de utilizar la bicicleta en sus recorridos porque es vulnerable en ese medio de transporte. La aspirante presidencial no cree que el presidente L\u00f3pez Obrador \u201csea capaz de hacerle algo\u201d, sin embargo, consider\u00f3 que debe parar la violencia verbal en su contra. <strong>\u00a1Uff!<\/strong> Cuando el r\u00edo suena es que amenazas lleva\u2026 <strong>\u00a1T\u00f3mala!<\/strong><\/p>\n<p><a href=\"https:\/\/twitter.com\/guillegomora?lang=es\" target=\"_blank\" rel=\"noopener\"><em>@guillegomora<\/em><\/a><\/p>\n","protected":false},"excerpt":{"rendered":"<p><span style=\"color: #005497;\"><strong>Guillermina G\u00f3mora Ord\u00f3\u00f1ez<\/strong><\/span<\/span><\/p>\n","protected":false},"author":3,"featured_media":0,"comment_status":"open","ping_status":"open","sticky":false,"template":"","format":"standard","meta":{"_monsterinsights_skip_tracking":false,"_monsterinsights_sitenote_active":false,"_monsterinsights_sitenote_note":"","_monsterinsights_sitenote_category":0,"footnotes":""},"categories":[58361],"tags":[58362,58363,43674],"class_list":["post-591582","post","type-post","status-publish","format-standard","hentry","category-guillermina-gomora-ordonez","tag-caleidoscopio","tag-guillermina-gomora-ordonez","tag-opinion"],"_links":{"self":[{"href":"https:\/\/www.diarioimagen.net\/index.php?rest_route=\/wp\/v2\/posts\/591582","targetHints":{"allow":["GET"]}}],"collection":[{"href":"https:\/\/www.diarioimagen.net\/index.php?rest_route=\/wp\/v2\/posts"}],"about":[{"href":"https:\/\/www.diarioimagen.net\/index.php?rest_route=\/wp\/v2\/types\/post"}],"author":[{"embeddable":true,"href":"https:\/\/www.diarioimagen.net\/index.php?rest_route=\/wp\/v2\/users\/3"}],"replies":[{"embeddable":true,"href":"https:\/\/www.diarioimagen.net\/index.php?rest_route=%2Fwp%2Fv2%2Fcomments&post=591582"}],"version-history":[{"count":0,"href":"https:\/\/www.diarioimagen.net\/index.php?rest_route=\/wp\/v2\/posts\/591582\/revisions"}],"wp:attachment":[{"href":"https:\/\/www.diarioimagen.net\/index.php?rest_route=%2Fwp%2Fv2%2Fmedia&parent=591582"}],"wp:term":[{"taxonomy":"category","embeddable":true,"href":"https:\/\/www.diarioimagen.net\/index.php?rest_route=%2Fwp%2Fv2%2Fcategories&post=591582"},{"taxonomy":"post_tag","embeddable":true,"href":"https:\/\/www.diarioimagen.net\/index.php?rest_route=%2Fwp%2Fv2%2Ftags&post=591582"}],"curies":[{"name":"wp","href":"https:\/\/api.w.org\/{rel}","templated":true}]}}