{"id":591592,"date":"2023-08-01T00:06:18","date_gmt":"2023-08-01T06:06:18","guid":{"rendered":"https:\/\/www.diarioimagen.net\/?p=591592"},"modified":"2023-08-01T03:10:46","modified_gmt":"2023-08-01T09:10:46","slug":"radicalizar-la-4t","status":"publish","type":"post","link":"https:\/\/www.diarioimagen.net\/?p=591592","title":{"rendered":"Radicalizar la 4T\u00a0"},"content":{"rendered":"<h2>Aunque pese<\/h2>\n<h5>Salvador Mart\u00ednez Garc\u00eda<\/h5>\n<p>&nbsp;<\/p>\n<p>Mucho se habla de las fracturas o rencillas internas en los partidos pol\u00edticos de oposici\u00f3n, pero poco de las que existen en el partido en el gobierno.<\/p>\n<p>Mario Delgado, como presidente de Morena, ha sabido lidiar con las distintas corrientes hacia dentro del partido sin mayores dificultades, sin embargo, no se han logrado establecer canales de comunicaci\u00f3n eficientes con la llamada Convenci\u00f3n Nacional Morenista, encabezada por John M. Ackerman, quien directamente pide la renuncia del cuadro directivo guinda, incluidas la secretaria general, Citlalli Hern\u00e1ndez, y Bertha Luj\u00e1n, presidenta del Consejo Nacional.<\/p>\n<p>Quien sin ser morenista muestra v\u00ednculos con el movimiento de Ackerman es Gerardo Fern\u00e1ndez Noro\u00f1a, a pesar de lo cual no logran conformar una corriente nacional de fuerza.<\/p>\n<p>Recientemente, la Convenci\u00f3n Nacional Morenista dio a conocer su Proyecto de Naci\u00f3n 2024-2030, por la radicalizaci\u00f3n de la Cuarta Transformaci\u00f3n desde las bases. Esta propuesta contiene 18 ejes tem\u00e1ticos para dar, dicen, seguimiento a la congruencia, ideales y cauce hist\u00f3rico de la 4T.<\/p>\n<p>Los ejes tem\u00e1ticos son revoluci\u00f3n pol\u00edtica, revoluci\u00f3n econ\u00f3mica, distribuci\u00f3n y bienestar social, gobierno feminista, igualdad y diversidad sexual, pueblos originarios, relevos generacionales, educaci\u00f3n para la revoluci\u00f3n de las conciencias, entre otros.<\/p>\n<p>El radicalismo de este movimiento lo hace en s\u00ed mismo inviable, porque dentro de Morena conviven corrientes diversas, incluso algunas ni siquiera de izquierda, s\u00f3lo con acento social.<\/p>\n<p>Para la contienda de 2024 conviene m\u00e1s a Morena una posici\u00f3n menos cerrada para dar cabida a las simpat\u00edas de mayores sectores, sin caer en extremismos que pudieran ahuyentar a muchos.<\/p>\n<p>Por lo pronto, la conducci\u00f3n de Delgado, siempre dirigido por el hombre de Macuspana, logra el objetivo general de atraer a las mayor\u00edas, lo que deber\u00e1 confirmarse para el pr\u00f3ximo mes de septiembre, cuando se d\u00e9 a conocer el nombre de quien ser\u00e1 el candidato o candidata a la Presidencia de la Rep\u00fablica bajo la denominaci\u00f3n de Coordinador de los Comit\u00e9s de Defensa de la Cuarta Transformaci\u00f3n. Veremos.<\/p>\n<p style=\"text-align: center;\"><strong>Susurros<\/strong><\/p>\n<p>Las posibilidades de Ricardo Monreal para alcanzar la candidatura de Morena a la Presidencia de la Rep\u00fablica son completamente nulas y todo mundo sabe que su real inter\u00e9s es lograr abanderar a Morena en la elecci\u00f3n para jefe de Gobierno de la Ciudad de M\u00e9xico. Lograr su anhelo depender\u00e1 de la decisi\u00f3n (\u00bfo acuerdo?) del presidente L\u00f3pez obrador, porque las simpat\u00edas que despierta en la ciudadan\u00eda son minoritarias.<\/p>\n<p>Y para colmo, el s\u00e1bado pasado, Monreal irrit\u00f3 y perjudic\u00f3 a cientos de coyoacanenses al bloquear con un grupo de sus huestes al acceso a la calle de \u00c1rbol del Fuego, desde Divisi\u00f3n del Norte, cuando esta arteria es pr\u00e1cticamente la \u00fanica que da acceso vehicular a las colonias San Pablo Tepetlapa, Candelaria, nueva D\u00edaz Ordaz y Santa \u00darsula entre otras.<\/p>\n<p>M\u00e1s que votos gan\u00f3 mentadas.<\/p>\n<p><a href=\"mailto:salvadormartinez@visionmx.com\" target=\"_blank\" rel=\"noopener\"><em>salvadormartinez@visionmx.com<\/em><\/a><br \/>\n<em>Twitter: <a href=\"https:\/\/twitter.com\/salvador_mtz\" target=\"_blank\" rel=\"noopener\">@salvador_mtz<\/a><\/em><\/p>\n","protected":false},"excerpt":{"rendered":"<p><span style=\"color: #005497;\"><strong>Salvador Mart\u00ednez Garc\u00eda<\/strong><\/span><\/p>\n","protected":false},"author":3,"featured_media":0,"comment_status":"open","ping_status":"open","sticky":false,"template":"","format":"standard","meta":{"_monsterinsights_skip_tracking":false,"_monsterinsights_sitenote_active":false,"_monsterinsights_sitenote_note":"","_monsterinsights_sitenote_category":0,"footnotes":""},"categories":[96743],"tags":[96744,43674,96745],"class_list":["post-591592","post","type-post","status-publish","format-standard","hentry","category-salvador-martinez-garcia","tag-aunque-pese","tag-opinion","tag-salvador-martinez-garcia"],"_links":{"self":[{"href":"https:\/\/www.diarioimagen.net\/index.php?rest_route=\/wp\/v2\/posts\/591592","targetHints":{"allow":["GET"]}}],"collection":[{"href":"https:\/\/www.diarioimagen.net\/index.php?rest_route=\/wp\/v2\/posts"}],"about":[{"href":"https:\/\/www.diarioimagen.net\/index.php?rest_route=\/wp\/v2\/types\/post"}],"author":[{"embeddable":true,"href":"https:\/\/www.diarioimagen.net\/index.php?rest_route=\/wp\/v2\/users\/3"}],"replies":[{"embeddable":true,"href":"https:\/\/www.diarioimagen.net\/index.php?rest_route=%2Fwp%2Fv2%2Fcomments&post=591592"}],"version-history":[{"count":0,"href":"https:\/\/www.diarioimagen.net\/index.php?rest_route=\/wp\/v2\/posts\/591592\/revisions"}],"wp:attachment":[{"href":"https:\/\/www.diarioimagen.net\/index.php?rest_route=%2Fwp%2Fv2%2Fmedia&parent=591592"}],"wp:term":[{"taxonomy":"category","embeddable":true,"href":"https:\/\/www.diarioimagen.net\/index.php?rest_route=%2Fwp%2Fv2%2Fcategories&post=591592"},{"taxonomy":"post_tag","embeddable":true,"href":"https:\/\/www.diarioimagen.net\/index.php?rest_route=%2Fwp%2Fv2%2Ftags&post=591592"}],"curies":[{"name":"wp","href":"https:\/\/api.w.org\/{rel}","templated":true}]}}