{"id":592487,"date":"2023-08-11T00:06:32","date_gmt":"2023-08-11T06:06:32","guid":{"rendered":"https:\/\/www.diarioimagen.net\/?p=592487"},"modified":"2023-08-14T00:03:43","modified_gmt":"2023-08-14T06:03:43","slug":"recibe-uaemex-reconocimiento-iberoamericano-por-su-contribucion-a-la-divulgacion-de-la-ciencia","status":"publish","type":"post","link":"https:\/\/www.diarioimagen.net\/?p=592487","title":{"rendered":"Recibe UAEM\u00e9x reconocimiento iberoamericano, por su contribuci\u00f3n a la divulgaci\u00f3n de la ciencia"},"content":{"rendered":"<p><em>\u00a0<\/em><\/p>\n<ul>\n<li><em><strong>El proyecto universitario \u201cMujeres en la Ciencia\u201d fue difundido en el NCC, que tiene alcance en 20 pa\u00edses de Iberoam\u00e9rica<\/strong><\/em><\/li>\n<\/ul>\n<p><strong>\u00a0<\/strong><\/p>\n<div id=\"attachment_592566\" style=\"width: 470px\" class=\"wp-caption aligncenter\"><a href=\"https:\/\/www.diarioimagen.net\/?attachment_id=592566\" rel=\"attachment wp-att-592566\"><img loading=\"lazy\" decoding=\"async\" aria-describedby=\"caption-attachment-592566\" class=\"size-full wp-image-592566\" src=\"https:\/\/www.diarioimagen.net\/wp-content\/uploads\/2023\/08\/recibe-uaemex.jpg\" alt=\"\" width=\"460\" height=\"270\" \/><\/a><p id=\"caption-attachment-592566\" class=\"wp-caption-text\">El Noticiero Cient\u00edfico y Cultural Iberoamericano (NCC) entreg\u00f3 un reconocimiento a la Universidad Aut\u00f3noma del Estado de M\u00e9xico (UAEM\u00e9x), por ser el miembro de la red de colaboradores que m\u00e1s informaci\u00f3n difundi\u00f3.<\/p><\/div>\n<p>&nbsp;<\/p>\n<p><strong>Toluca, Estado de M\u00e9xico.\u2014 <\/strong>En el marco de su sexto aniversario, el Noticiero Cient\u00edfico y Cultural Iberoamericano (NCC) entreg\u00f3 a la Universidad Aut\u00f3noma del Estado de M\u00e9xico (UAEM\u00e9x) un reconocimiento, por su destacada participaci\u00f3n en el noticiero de alcance internacional, donde se ha difundido el proyecto audiovisual \u201cMujeres en la Ciencia\u201d.<\/p>\n<p>En representaci\u00f3n del rector de la M\u00e1xima Casa de Estudios mexiquense, Carlos Eduardo Barrera D\u00edaz, la directora general de Comunicaci\u00f3n Universitaria, Ginarely Valencia Alc\u00e1ntara, agradeci\u00f3 el reconocimiento que hace el NCC a la UAEM\u00e9x, que en sus 195 a\u00f1os de existencia ha dedicado su labor a extender el conocimiento a la sociedad mexiquense.<\/p>\n<p>Apunt\u00f3 que la Administraci\u00f3n Universitaria 2021-2025 ha hecho un esfuerzo significativo por difundir los logros de las mujeres cient\u00edficas que contribuyen de distintas maneras y desde las diversas disciplinas al desarrollo del conocimiento en la entidad.<\/p>\n<p>\u201cEl proyecto denominado \u2018Mujeres en la Ciencia\u2019 tiene como objetivo contar las historias de las investigadoras a trav\u00e9s de su producci\u00f3n cient\u00edfica y hacerlas llegar a las infancias, adolescencias y juventudes para proveer las vocaciones cient\u00edficas. Como parte de este proyecto se han desarrollado 35 historias y son aquellas que el Noticiero Cient\u00edfico y Cultural Iberoamericano nos ha abierto espacio para su difusi\u00f3n en diversas naciones donde se distribuye su contenido\u201d, abund\u00f3.<\/p>\n<p>Valencia Alc\u00e1ntara explic\u00f3 que este proyecto tiene un doble prop\u00f3sito, ya que las historias difundidas las han realizado estudiantes universitarias de la Licenciatura en Comunicaci\u00f3n de la Facultad de Ciencias Pol\u00edticas y Sociales de la Aut\u00f3noma mexiquense, lo que ha permitido contribuir en la formaci\u00f3n de m\u00e1s comunic\u00f3logas que se inclinen por divulgar la ciencia y la cultura.<\/p>\n<p>Durante su intervenci\u00f3n, el director de la Asociaci\u00f3n de las Televisiones Educativas y Culturales Iberoamericanas (ATEI), Gabriel Torres Espinosa, explic\u00f3 que el NCC permite mirar la ciencia de manera \u00fatil y en un lenguaje decodificado para las audiencias, a trav\u00e9s de la televisi\u00f3n p\u00fablica, por medio de la divulgaci\u00f3n de \u00e9sta de manera accesible, con el objetivo de que llegue a todas las personas de Iberoam\u00e9rica.<\/p>\n<p>\u201cNos encontramos ante el proyecto de cooperaci\u00f3n m\u00e1s importante de la Red ATEI desde los 31 a\u00f1os de su creaci\u00f3n\u201d, abund\u00f3.<\/p>\n<p>Durante seis a\u00f1os el NCC ha transmitido mil 181 programas ininterrumpidos en 20 pa\u00edses de Iberoam\u00e9rica, con ayuda de nueve agencias informativas internacionales y 156 socios de universidades y centros de investigaci\u00f3n iberoamericanos.<\/p>\n<p>Al acto acudieron el secretario de Educaci\u00f3n de Guanajuato, Jorge Enr\u00edquez Meza; el Director de TV 4 Guanajuato, Juan Aguilera Cid; el Secretario General de la ATEI, Miquel Franc\u00e9s I. Domen\u00e8c; Iva\u00ecn Trujillo Bolio, director de TV UNAM; Cecilia Montero de Jes\u00fas, presidenta de la Red Mexicana de Periodistas de Ciencia, Marga Cabrera Me\u00ecndez, directora del A\u00ecrea de Comunicacio\u00ecn de la Universidad Polite\u00eccnica de Valencia; entre otros.<\/p>\n","protected":false},"excerpt":{"rendered":"<p>En el marco de su sexto aniversario, el Noticiero Cient\u00edfico y Cultural Iberoamericano (NCC) entreg\u00f3 a la Universidad Aut\u00f3noma del Estado de M\u00e9xico (UAEM\u00e9x) un reconocimiento, por su destacada participaci\u00f3n en el noticiero de alcance internacional, donde se ha difundido el proyecto audiovisual \u201cMujeres en la Ciencia\u201d.<\/p>\n","protected":false},"author":3,"featured_media":592566,"comment_status":"open","ping_status":"open","sticky":false,"template":"","format":"standard","meta":{"_monsterinsights_skip_tracking":false,"_monsterinsights_sitenote_active":false,"_monsterinsights_sitenote_note":"","_monsterinsights_sitenote_category":0,"footnotes":""},"categories":[5],"tags":[98411,98410],"class_list":["post-592487","post","type-post","status-publish","format-standard","has-post-thumbnail","hentry","category-estado-de-mexico","tag-iberoamericano","tag-uaemexreconocimiento"],"_links":{"self":[{"href":"https:\/\/www.diarioimagen.net\/index.php?rest_route=\/wp\/v2\/posts\/592487","targetHints":{"allow":["GET"]}}],"collection":[{"href":"https:\/\/www.diarioimagen.net\/index.php?rest_route=\/wp\/v2\/posts"}],"about":[{"href":"https:\/\/www.diarioimagen.net\/index.php?rest_route=\/wp\/v2\/types\/post"}],"author":[{"embeddable":true,"href":"https:\/\/www.diarioimagen.net\/index.php?rest_route=\/wp\/v2\/users\/3"}],"replies":[{"embeddable":true,"href":"https:\/\/www.diarioimagen.net\/index.php?rest_route=%2Fwp%2Fv2%2Fcomments&post=592487"}],"version-history":[{"count":0,"href":"https:\/\/www.diarioimagen.net\/index.php?rest_route=\/wp\/v2\/posts\/592487\/revisions"}],"wp:featuredmedia":[{"embeddable":true,"href":"https:\/\/www.diarioimagen.net\/index.php?rest_route=\/wp\/v2\/media\/592566"}],"wp:attachment":[{"href":"https:\/\/www.diarioimagen.net\/index.php?rest_route=%2Fwp%2Fv2%2Fmedia&parent=592487"}],"wp:term":[{"taxonomy":"category","embeddable":true,"href":"https:\/\/www.diarioimagen.net\/index.php?rest_route=%2Fwp%2Fv2%2Fcategories&post=592487"},{"taxonomy":"post_tag","embeddable":true,"href":"https:\/\/www.diarioimagen.net\/index.php?rest_route=%2Fwp%2Fv2%2Ftags&post=592487"}],"curies":[{"name":"wp","href":"https:\/\/api.w.org\/{rel}","templated":true}]}}