{"id":592550,"date":"2023-08-11T00:12:16","date_gmt":"2023-08-11T06:12:16","guid":{"rendered":"https:\/\/www.diarioimagen.net\/?p=592550"},"modified":"2023-08-11T00:47:24","modified_gmt":"2023-08-11T06:47:24","slug":"al-presidente-nada-le-embona","status":"publish","type":"post","link":"https:\/\/www.diarioimagen.net\/?p=592550","title":{"rendered":"Al Presidente nada le embona"},"content":{"rendered":"<h2>Tras la puerta del poder<\/h2>\n<h5>Roberto Vizca\u00edno<\/h5>\n<p>&nbsp;<\/p>\n<p>C\u00f3mo el gladiador que sale fiero a la arena de su momento y realidad a batirse incluso hasta con piquetes de ojos \u2014ah\u00ed est\u00e1n sus declaraciones de hace unas horas de que en pol\u00edtica a todo se acude y todo se vale\u2014, el Presidente <strong>Andr\u00e9s Manuel L\u00f3pez Obrador<\/strong> sali\u00f3 ayer a:<\/p>\n<p>Defender una vez m\u00e1s al C\u00e1rtel de Sinaloa, ahora frente a la implicaci\u00f3n de <em>los chapitos<\/em> en el asesinato del candidato presidencial ecuatoriano Fernando Villavicencio. Todo eso puede ser incluso hasta un rumor, dijo ante los ojos de \u00bf<strong><em>what<\/em><\/strong>? de propios y extra\u00f1os. A <strong>AMLO<\/strong> no le embona que el asesinado haya advertido d\u00edas antes que, si lo mataban, esos eran los del C\u00e1rtel de Sinaloa que lo hab\u00edan amenazado poco antes.<\/p>\n<p>Defensor de su sesuda y avanzada tesis de que <strong>si existe el medio ambiente, \u00bfentonces d\u00f3nde anda el otro medio?, a AMLO<\/strong> simplemente no le embona que <strong>X\u00f3chitl G\u00e1lvez<\/strong> y otras mujeres \u2014a que latosas \u00a1chingao!\u2014 con sus dichos no violen sus derechos de g\u00e9nero. \u201c\u00a1Oh qu\u00e9!, \u00bfa poco nom\u00e1s hay violencia de g\u00e9nero cuando son mujeres?!&#8230; \u00bfy yo qu\u00e9?, interrogar\u00eda con toda vehemencia y seriedad desde su inmaculada investidura presidencial. Porfa no r\u00eda, es en serio.<\/p>\n<p>Ya sin tan buen talante, arremeti\u00f3 de nuevo contra los magistrados del Tribunal Electoral a quienes exigi\u00f3 \u2014\u00bfpuede hacer eso?\u2014 renunciar y pedir disculpas \u201cpor tergiversar sus declaraciones (las de <strong>AMLO<\/strong>) sobre <strong>X\u00f3chitl G\u00e1lvez<\/strong>\u201d.<\/p>\n<p>Y ya metido en eso, horas m\u00e1s tarde ampliar\u00eda su embate al acusar al INE de ineptitud y descuido y de sacar de contexto sus dichos sobre <strong>X\u00f3chitl G\u00e1lvez<\/strong> y encima acusarlo de violencia pol\u00edtica de g\u00e9nero. <strong>O sea, tampoco esto le embona. Tan agraviado e incomprendido se siente por esto<\/strong>, que su Consejer\u00eda Jur\u00eddica ya impugn\u00f3 las medidas cautelares que le fueron impuestas por la Comisi\u00f3n de Quejas del Instituto que le proh\u00edben hablar m\u00e1s de la senadora <strong>G\u00e1lvez<\/strong>, algo incomprensible para \u00e9l.<\/p>\n<p>Y como colof\u00f3n de su irritaci\u00f3n generalizada en la que vive ya desde hace \u00bfsemanas, meses, a\u00f1os? \u2014\u00a1a <strong>AMLO<\/strong> no lo hace feliz ni ser Presidente!\u2014, el mandatario volvi\u00f3 de nuevo a las elecciones de 2006 donde <strong>Felipe Calder\u00f3n<\/strong> lo dej\u00f3 a d\u00e9cimas de la Presidencia, y acus\u00f3 al periodista <strong>Ciro G\u00f3mez Leyva<\/strong> de corrupto por haber, supuestamente, manipulado en <em>Milenio<\/em> las encuestas que lo dieron por perdedor. <strong>G\u00f3mez Leyva<\/strong> le respondi\u00f3 de inmediato desde su programa de radio para exigirle pruebas de sus dichos, demostrar que es corrupto y confirmar con datos y hechos no con dichos y supuestos que \u00e9l gan\u00f3 como afirma la Presidencia en aquella elecci\u00f3n. <strong>Ciro<\/strong> lo acus\u00f3, a su vez, de alimentar con sus mentiras un entorno de odio y violencia en su contra: \u201c\u00bfquiere otro atentado?\u201d, le pregunt\u00f3 a <strong>AMLO<\/strong> en referencia al sufrido por \u00e9l hace unos meses. Obvio que esto no le embona para nada a <strong>AMLO<\/strong>.<\/p>\n<p>Menos le va a embonar el que por unanimidad el Tribunal Electoral lo haya acusado ayer de haber violado la imparcialidad y neutralidad de los comicios recientes en el Estado de M\u00e9xico y en Coahuila.<\/p>\n<p>Adem\u00e1s, le atribuyen el uso indebido de recursos p\u00fablicos, por lo que el Tribunal orden\u00f3 al \u00d3rgano Interno de Control de la Presidencia sancionar al Director de Cepropie y al jefe de Comunicaci\u00f3n Social, entre otros.<\/p>\n<p>Nada, pues, le embona hoy al presidente Andr\u00e9s Manuel L\u00f3pez Obrador y al parecer no embonar\u00e1 en el tramo que le queda hasta octubre de 2024.<\/p>\n<p>Menos, ante la sola idea de que a lo mejor deber\u00e1 entregar la Presidencia de la Rep\u00fablica a <strong>X\u00f3chitl G\u00e1lvez<\/strong> ante el ya no tan hipot\u00e9tico caso de que la senadora pudiera ganar en 2024.<\/p>\n<p>\u00a1Uy! eso le ha de causar estragos a su bilis y agruras.<\/p>\n<p>Porque, oiga Usted, a partir de hoy cualquier cosa puede pasar, incluso que la hidalguense gane \u00a1eh!<\/p>\n<p style=\"text-align: center;\"><strong>A Silvano y a Mancera tampoco les embona nada<\/strong><\/p>\n<p>As\u00ed como a <strong>AMLO<\/strong> no le cuadran las cosas, a los perredistas Silvano Aureoles y a Miguel \u00c1ngel Mancera tampoco.<\/p>\n<p>Ambos no comprenden por qu\u00e9, ni c\u00f3mo fue que el Comit\u00e9 Organizador del Frente Amplio de Oposici\u00f3n Va por M\u00e9xico los dej\u00f3 tendidos en el ring de la recolecci\u00f3n de firmas de apoyos si ambos recibieron m\u00e1s de las 150 mil firmas exigidas a cada contendiente.<\/p>\n<p>Y c\u00f3mo le ocurre a <strong>AMLO<\/strong> en todo, creen, ven, suponen, perciben sospechan que dejarlos fuera fue por un complot.<\/p>\n<p>Y en su reclamo sospechosista ayer emboletaron al <strong>Chucho<\/strong> mayor, a <strong>Zambrano <\/strong>quien es parte del Comit\u00e9 Organizador que los dej\u00f3 fuera.<\/p>\n<p>Chucho los escuch\u00f3, los abraz\u00f3, consol\u00f3 y sali\u00f3 a decir:<\/p>\n<p>\u201cQue, desde luego, no compartimos esta decisi\u00f3n, que acompa\u00f1amos \u2014a <strong>Silvano y a Miguel \u00c1ngel<\/strong>\u2014 en su reclamo y desde luego, su exigencia de un derecho de audiencia para que haya las aclaraciones suficientes que puedan dejar muy transparente la decisi\u00f3n que se tom\u00f3 del d\u00eda de ayer de dejarlos fuera de la contienda\u2026<\/p>\n<p>\u201c(Pero) Seguimos ciertamente en el Frente, nos mantenemos en el Frente, pero hoy anunciamos que establecemos una pausa en nuestra participaci\u00f3n en los trabajos del Comit\u00e9 Organizador a la espera de que se den las aclaraciones pertinentes suficientes\u201d, aclar\u00f3 por aquello de que vaya a haber alguno que crea que el PRD romper\u00eda con el resto del Frente, en su defensa de <strong>Silvano y Mancera<\/strong>.<\/p>\n<p>Lo cierto es que si bien ambos recabaron juntos 500 mil firmas de apoyo la verdad es que simplemente quedaron en quinto y sexto lugar y s\u00f3lo hab\u00eda espacio para 4 que fueron <strong>X\u00f3chitl, Beatriz<\/strong>, <strong>Santiago<\/strong> y <strong>Enrique<\/strong>.<\/p>\n<p>As\u00ed de simple y sencillo de entender. Los n\u00fameros mandan. Y ellos est\u00e1n fuera. Sin compl\u00f3\u2026<\/p>\n<p><em><a href=\"mailto:rvizcainoa@gmail.com\" target=\"_blank\" rel=\"noopener noreferrer\">vizcainoa@gmail.com<\/a><a href=\"mailto:rvizcainoa@gmail.com\" target=\"_blank\" rel=\"noopener noreferrer\"><br \/>\n<\/a><a href=\"http:\/\/endirecto.mx\" target=\"_blank\" rel=\"noopener noreferrer\">www.endirecto.mx<\/a><a href=\"mailto:rvizcainoa@gmail.com\" target=\"_blank\" rel=\"noopener noreferrer\"><br \/>\n<\/a><a href=\"https:\/\/twitter.com\/_rvizcaino\" target=\"_blank\" rel=\"noopener noreferrer\">@_RVizcaino<\/a><a href=\"mailto:rvizcainoa@gmail.com\" target=\"_blank\" rel=\"noopener noreferrer\"><br \/>\n<\/a><a href=\"https:\/\/www.facebook.com\/rvizcainoa\" target=\"_blank\" rel=\"noopener noreferrer\">facebook.com\/rvizcainoa<\/a><\/em><\/p>\n","protected":false},"excerpt":{"rendered":"<p><span style=\"color: #005497;\"><strong>Roberto Vizca\u00edno<\/strong><\/span><\/p>\n","protected":false},"author":3,"featured_media":0,"comment_status":"open","ping_status":"open","sticky":false,"template":"","format":"standard","meta":{"_monsterinsights_skip_tracking":false,"_monsterinsights_sitenote_active":false,"_monsterinsights_sitenote_note":"","_monsterinsights_sitenote_category":0,"footnotes":""},"categories":[136],"tags":[43674,93,94],"class_list":["post-592550","post","type-post","status-publish","format-standard","hentry","category-roberto-vizcaino-opinion","tag-opinion","tag-roberto-vizcaino","tag-tras-la-puerta-del-poder"],"_links":{"self":[{"href":"https:\/\/www.diarioimagen.net\/index.php?rest_route=\/wp\/v2\/posts\/592550","targetHints":{"allow":["GET"]}}],"collection":[{"href":"https:\/\/www.diarioimagen.net\/index.php?rest_route=\/wp\/v2\/posts"}],"about":[{"href":"https:\/\/www.diarioimagen.net\/index.php?rest_route=\/wp\/v2\/types\/post"}],"author":[{"embeddable":true,"href":"https:\/\/www.diarioimagen.net\/index.php?rest_route=\/wp\/v2\/users\/3"}],"replies":[{"embeddable":true,"href":"https:\/\/www.diarioimagen.net\/index.php?rest_route=%2Fwp%2Fv2%2Fcomments&post=592550"}],"version-history":[{"count":0,"href":"https:\/\/www.diarioimagen.net\/index.php?rest_route=\/wp\/v2\/posts\/592550\/revisions"}],"wp:attachment":[{"href":"https:\/\/www.diarioimagen.net\/index.php?rest_route=%2Fwp%2Fv2%2Fmedia&parent=592550"}],"wp:term":[{"taxonomy":"category","embeddable":true,"href":"https:\/\/www.diarioimagen.net\/index.php?rest_route=%2Fwp%2Fv2%2Fcategories&post=592550"},{"taxonomy":"post_tag","embeddable":true,"href":"https:\/\/www.diarioimagen.net\/index.php?rest_route=%2Fwp%2Fv2%2Ftags&post=592550"}],"curies":[{"name":"wp","href":"https:\/\/api.w.org\/{rel}","templated":true}]}}