{"id":593108,"date":"2023-08-18T00:01:52","date_gmt":"2023-08-18T06:01:52","guid":{"rendered":"https:\/\/www.diarioimagen.net\/?p=593108"},"modified":"2023-08-20T23:49:23","modified_gmt":"2023-08-21T05:49:23","slug":"niega-lopez-obrador-que-la-secretaria-del-bienestar-haga-acarreo-en-favor-de-sheinbaum","status":"publish","type":"post","link":"https:\/\/www.diarioimagen.net\/?p=593108","title":{"rendered":"Niega L\u00f3pez Obrador que la Secretar\u00eda del Bienestar haga acarreo en favor de Sheinbaum"},"content":{"rendered":"<p>&nbsp;<\/p>\n<h3 style=\"text-align: center;\">Responde el Presidente a queja de Ebrard<\/h3>\n<p>&nbsp;<\/p>\n<ul>\n<li><strong><em>Mensaje a \u201ccorcholatas\u201d: no hay doble discurso y ser\u00e1 el pueblo el que decidir\u00e1<\/em><\/strong><\/li>\n<\/ul>\n<p>&nbsp;<\/p>\n<div id=\"attachment_593167\" style=\"width: 470px\" class=\"wp-caption aligncenter\"><a href=\"https:\/\/www.diarioimagen.net\/?attachment_id=593167\" rel=\"attachment wp-att-593167\"><img loading=\"lazy\" decoding=\"async\" aria-describedby=\"caption-attachment-593167\" class=\"size-full wp-image-593167\" src=\"https:\/\/www.diarioimagen.net\/wp-content\/uploads\/2023\/08\/amlo-8.jpg\" alt=\"\" width=\"460\" height=\"270\" \/><\/a><p id=\"caption-attachment-593167\" class=\"wp-caption-text\">El presidente Andr\u00e9s Manuel L\u00f3pez Obrador rechaz\u00f3 que la Secretar\u00eda del Bienestar haga \u201cacarreo\u201d en favor de Claudia Sheinbaum.<\/p><\/div>\n<p>&nbsp;<\/p>\n<p>En respuesta a la queja de Marcelo Ebrard Casaubon de que no hay piso parejo en la carrera por la candidatura presidencial de Morena, el presidente Andr\u00e9s Manuel L\u00f3pez Obrador rechaz\u00f3 que la Secretar\u00eda del Bienestar haga \u201cacarreo\u201d en favor de Claudia Sheinbaum, como acus\u00f3 este mi\u00e9rcoles el ex canciller.<\/p>\n<p>\u201c(Marcelo) Est\u00e1 en su derecho, pero es normal y adem\u00e1s tiene el derecho de hacerlo y hay la instrucci\u00f3n que no se use al gobierno ni mucho menos al presupuesto para favorecer a nadie\u201d, dijo el primer mandatario en la conferencia de prensa ma\u00f1anera de este jueves.<\/p>\n<p>El titular del Ejecutivo federal asegur\u00f3 que Ebrard Casaubon, Ad\u00e1n Augusto L\u00f3pez y Claudia Sheinbaum saben que \u201cno tengo una doble moral o doble discurso, que no nos metemos y que se acab\u00f3 el dedazo y que es el pueblo el que va a decidir. Del otro lado ya hasta se los anticip\u00e9, pero ya no puedo hablar de eso, lo dicho dicho est\u00e1\u201d.<\/p>\n<p>El Presidente asegur\u00f3 que no tiene reportes que funcionarios de Bienestar acarreen o hagan labor en favor de la jefa de Gobierno.<\/p>\n<p>\u201cNo, no, y se est\u00e1n portando muy bien, por ejemplo los gobernadores esos tienen m\u00e1s influencia, ninguno, porque en un momento nos reunimos y se suscribi\u00f3 un acuerdo y los gobernadores lo han cumplido al pie de la letra\u201d.<\/p>\n<p>Se\u00f1al\u00f3 que entiende los se\u00f1alamientos de Ebrard Casaubon, porque en v\u00edsperas de que se decida qui\u00e9n ser\u00e1 el coordinador nacional de la defensa de la Cuarta Transformaci\u00f3n, hay inquietudes y dudas razonables.<\/p>\n<p>\u201cPero somos distintos, no puedo meterme a lo otro, no deber\u00eda meterme en esto, pero ustedes son los que provocan\u201d, dijo.<\/p>\n<p style=\"text-align: center;\"><strong>Gobierno federal colabora en caso de<br \/>\nj\u00f3venes levantados y asesinados: AMLO<\/strong><\/p>\n<p>Sobre la desaparici\u00f3n y asesinato de 5 j\u00f3venes en Jalisco, el presidente L\u00f3pez Obrador asever\u00f3 que su gobierno est\u00e1 colaborando con la Fiscal\u00eda del Estado y las autoridades locales responsables de las investigaciones de lo sucedido en Lagos de Moreno y tras lamentar los hechos y expresar su respeto al dolor de las familias, pidi\u00f3 esperar a que haya conclusiones en la identificaci\u00f3n de los cuerpos localizados.<\/p>\n<p>\u201cEs muy lamentable y triste esto que est\u00e1 sucediendo, hay varias hip\u00f3tesis, pero hay que esperar, no adelantarnos, esperar a que se avance m\u00e1s en la investigaci\u00f3n. Hay algunos avances\u201d, dijo en Palacio Nacional.<\/p>\n<p>El mandatario abri\u00f3 la conferencia rechazando que el mi\u00e9rcoles se haya burlado del caso y dijo que afirmaron que as\u00ed lo hizo fabricaron \u201ctoda una mentira, una infamia. Ellos son capaces de todo, yo no, tengo principios, ideales, soy un hombre de sentimientos, no me puedo burlar del dolor, de la desgracia, nunca lo he hecho\u201d.<\/p>\n<p>\u201cNo tengo por qu\u00e9 ofrecer disculpas porque sencillamente fue un invento y estamos atendiendo el tema, lamentable, del asesinato de estos j\u00f3venes, pero vienen algunos aqu\u00ed a buscar las podridas, y cuando no las encuentran, las inventan\u201d, dijo, al exponer que entre las preguntas hechas a gritos al final de su rueda de prensa del mi\u00e9rcoles, no escuch\u00f3 que se le cuestionara sobre el tema. \u201cLo interpretan como que no quise yo responder, pero que adem\u00e1s me burl\u00e9, son unos perversos, malos de malolandia, pero no pasar\u00e1n\u201d, agreg\u00f3.<\/p>\n<p>Pidi\u00f3 a su equipo de comunicaci\u00f3n que proyectara el video del momento en el que hizo un chiste al finalizar su conferencia, y en el que se escucha un coro de voces hablando y preguntando, sin que sean inteligibles los cuestionamientos.<\/p>\n<p>El mandatario enfatiz\u00f3 que las indagatorias corresponden a las autoridades locales y dijo que su gobierno las est\u00e1 apoyando. Agreg\u00f3 que la Fiscal\u00eda General de la Rep\u00fablica es la que debe resolver si atrae las investigaciones, como ha pedido el gobernador Enrique Alfaro.<\/p>\n<p>Respecto al caso de Poza Rica, Veracruz, donde fueron localizados en refrigeradores y congeladores 34 cad\u00e1veres cercenados, envueltos en bolsas, L\u00f3pez Obrador afirm\u00f3 que la investigaci\u00f3n est\u00e1 en curso.<\/p>\n","protected":false},"excerpt":{"rendered":"<p>En respuesta a la queja de Marcelo Ebrard Casaubon de que no hay piso parejo en la carrera por la candidatura presidencial de Morena, el presidente Andr\u00e9s Manuel L\u00f3pez Obrador rechaz\u00f3 que la Secretar\u00eda del Bienestar haga \u201cacarreo\u201d en favor de Claudia Sheinbaum, como acus\u00f3 este mi\u00e9rcoles el ex canciller.<\/p>\n","protected":false},"author":3,"featured_media":593167,"comment_status":"open","ping_status":"open","sticky":false,"template":"","format":"standard","meta":{"_monsterinsights_skip_tracking":false,"_monsterinsights_sitenote_active":false,"_monsterinsights_sitenote_note":"","_monsterinsights_sitenote_category":0,"footnotes":""},"categories":[3],"tags":[7350,98447],"class_list":["post-593108","post","type-post","status-publish","format-standard","has-post-thumbnail","hentry","category-nacional","tag-marcelo-ebrard-casaubon","tag-secretaria-del-bienestar"],"_links":{"self":[{"href":"https:\/\/www.diarioimagen.net\/index.php?rest_route=\/wp\/v2\/posts\/593108","targetHints":{"allow":["GET"]}}],"collection":[{"href":"https:\/\/www.diarioimagen.net\/index.php?rest_route=\/wp\/v2\/posts"}],"about":[{"href":"https:\/\/www.diarioimagen.net\/index.php?rest_route=\/wp\/v2\/types\/post"}],"author":[{"embeddable":true,"href":"https:\/\/www.diarioimagen.net\/index.php?rest_route=\/wp\/v2\/users\/3"}],"replies":[{"embeddable":true,"href":"https:\/\/www.diarioimagen.net\/index.php?rest_route=%2Fwp%2Fv2%2Fcomments&post=593108"}],"version-history":[{"count":0,"href":"https:\/\/www.diarioimagen.net\/index.php?rest_route=\/wp\/v2\/posts\/593108\/revisions"}],"wp:featuredmedia":[{"embeddable":true,"href":"https:\/\/www.diarioimagen.net\/index.php?rest_route=\/wp\/v2\/media\/593167"}],"wp:attachment":[{"href":"https:\/\/www.diarioimagen.net\/index.php?rest_route=%2Fwp%2Fv2%2Fmedia&parent=593108"}],"wp:term":[{"taxonomy":"category","embeddable":true,"href":"https:\/\/www.diarioimagen.net\/index.php?rest_route=%2Fwp%2Fv2%2Fcategories&post=593108"},{"taxonomy":"post_tag","embeddable":true,"href":"https:\/\/www.diarioimagen.net\/index.php?rest_route=%2Fwp%2Fv2%2Ftags&post=593108"}],"curies":[{"name":"wp","href":"https:\/\/api.w.org\/{rel}","templated":true}]}}