{"id":593283,"date":"2023-08-21T00:00:27","date_gmt":"2023-08-21T06:00:27","guid":{"rendered":"https:\/\/www.diarioimagen.net\/?p=593283"},"modified":"2023-08-20T23:48:31","modified_gmt":"2023-08-21T05:48:31","slug":"inversion-extranjera-directa-turistica-alcanza-los-mil-427-mdd","status":"publish","type":"post","link":"https:\/\/www.diarioimagen.net\/?p=593283","title":{"rendered":"Inversi\u00f3n Extranjera Directa Tur\u00edstica alcanza los mil 427 mdd"},"content":{"rendered":"<h2>Hora 14<\/h2>\n<h5>Mauricio Conde Olivares<\/h5>\n<p>&nbsp;<\/p>\n<p>Esta columna, especializada en asuntos financieros, corporativos y del sector tur\u00edstico, le informa que Michel Wohlmuth rindi\u00f3 protesta como presidente del Consejo Mexicano de la Industria de Reuniones (COMIR), periodo 2023 \u2013 2024, durante el \u00faltimo d\u00eda de trabajos del exitoso XXIX Congreso Nacional de la Industria de Reuniones (CNIR) edici\u00f3n Saltillo, que se realiz\u00f3 del 16 al 18 de agosto, y que tuvo como sede oficial el Centro Cultural Universitario de la Universidad Aut\u00f3noma de Coahuila (UAC) que recibi\u00f3 a m\u00e1s de 600 empresarios de la Industria de todo el pa\u00eds, adem\u00e1s de que se anunci\u00f3 que el XXX CNIR 2024 que se realizar\u00e1 en la ciudad de Le\u00f3n, Guanajuato.<\/p>\n<p>Luego de recibir la estafeta de parte de Alejandro Ram\u00edrez Tabche, el nuevo presidente del COMIR, Michel Wohlmuth, afirm\u00f3: \u201cHoy no solo asumo la responsabilidad de liderar esta gran comunidad, adem\u00e1s me comprometo a hacerlo con pasi\u00f3n, visi\u00f3n y un prop\u00f3sito claro: contribuir al fortalecimiento y crecimiento de esta gran industria que impacta nuestra econom\u00eda y a nuestra sociedad. Este prop\u00f3sito surge de la convicci\u00f3n profunda del poder transformador de los eventos; somos generadores de experiencias, conexiones y oportunidades\u201d.<\/p>\n<p>Inform\u00f3 que los integrantes de su Mesa Directiva son: Rodrigo Esponda, Secretario; Mauricio Magdaleno, Tesorero; Luis D\u00edaz, Presidente Electo, y Liliana Cabrera, Vocal, es un equipo, dijo, que refleja diversidad y experiencia, adem\u00e1s de que en su trabajo de equipo lo acompa\u00f1ar\u00e1n tambi\u00e9n los presidentes de las 13 asociaciones que integran el COMIR: AMOROFEC, AMEREF, AMDEMAC, ATR, ICCA, IADWP International Association of Destination Wedding Professionals, MPI, PCO, PCMA, ABC BODAS, ALIANZA PUNTA CANC\u00daN, CLUSTER DE TUR\u00cdSMO MONTERREY Y RIVERA DIAMANTE ACAPULCO.<\/p>\n<p>\u201cHoy, al asumir la presidencia del COMIR, adquiero un gran compromiso con todos Ustedes, con nuestra industria y con el futuro que estamos construyendo. Mi prop\u00f3sito es claro: impulsar el crecimiento de la Industria de Reuniones en nuestro pa\u00eds y tener un COMIR que sea reconocido por su importante contribuci\u00f3n al crecimiento econ\u00f3mico y social de M\u00e9xico. \u00a1Juntos, seguiremos impulsando una industria de reuniones vibrante y transformadora! Porque juntos somos m\u00e1s fuertes\u201d, afirm\u00f3.<\/p>\n<p>Michel Wohlmuth cuenta con 32 a\u00f1os de experiencia en la industria de reuniones, ejerciendo como cofundador director ejecutivo de Creatividad, empresa organizadora de eventos corporativos. Adem\u00e1s, fue presidente de MPI M\u00e9xico Chapter para el periodo 2018-2019, miembro del Latin America Advisory Council (2018-2019) de la misma asociaci\u00f3n, la cual lo reconoci\u00f3 con el Chair Award, premio que reconoce al miembro m\u00e1s destacado de MPI a nivel global.<\/p>\n<p>Ahora le participo que en el principal destino tur\u00edstico de M\u00e9xico y Am\u00e9rica Latina que es Canc\u00fan, de manera preventiva, ante la temporada de lluvias, la Presidenta Municipal de Benito Ju\u00e1rez, Ana Paty Peralta, a trav\u00e9s de la Direcci\u00f3n General de Servicios P\u00fablicos, refuerzan las estrategias para prevenir encharcamientos que puedan afectar a la ciudad.<\/p>\n<p>Por ello, la Primera Autoridad Municipal supervis\u00f3 las acciones de desazolve de m\u00e1s de 20 pozos en la Supermanzana 95, en donde recalc\u00f3 a los cancunenses que se est\u00e1n efectuando trabajos para prevenir encharcamientos; as\u00ed mismo expres\u00f3 a las vecinas y los vecinos, que se encuentra recorriendo todas las colonias para escucharlos, saber cu\u00e1les son los problemas prioritarios y resolverlos con prontitud.<\/p>\n<p>Durante su caminata por la colonia, Ana Paty Peralta, en compa\u00f1\u00eda del director de Gesti\u00f3n Social, Ricardo Reyes Quintero y el director general de Servicios P\u00fablicos, Jos\u00e9 Antonio de la Torre Chambe, atendieron con empat\u00eda distintas peticiones de los ciudadanos y los invitaron a participar en las jornadas de atenci\u00f3n ciudadana, en las diferentes actividades de todos por la paz, entre otros programas, donde se acercan distintas dependencias para ofrecer atenci\u00f3n r\u00e1pida y eficaz.<\/p>\n<p>Para finalizar su recorrido por la zona la Alcaldesa tambi\u00e9n constat\u00f3 la limpieza de un basurero clandestino y recomend\u00f3 a las y los residentes que para conservar las avenidas y calles sin encharcamientos eviten tirar basura, escombro, cacharros, o cualquier material a las calles, ya que provoca que las rejillas se obstruyan, generando las inundaciones.<\/p>\n<p>El director general de Servicios P\u00fablicos, Jos\u00e9 Antonio de la Torre Chambe, pidi\u00f3 a las y los ciudadanos que si detectan alg\u00fan punto que necesite atenci\u00f3n directa, lo comuniquen a trav\u00e9s del n\u00famero de Reporta y Aporta, que es, 998 844 8035.<\/p>\n<p>Por su parte, el secretario de Turismo del Gobierno de M\u00e9xico, Miguel Torruco Marqu\u00e9s, dio a conocer que, en el primer semestre de 2023, la Inversi\u00f3n Extranjera Directa en Turismo (IEDT) registr\u00f3 mil 426.9 millones de d\u00f3lares, equivalente al 4.9% de la Inversi\u00f3n Extranjera Directa Nacional.<\/p>\n<p>El titular de la Secretar\u00eda de Turismo (Sectur), inform\u00f3, que, con base en los Registros de Inversi\u00f3n Extranjera Directa de la Secretar\u00eda de Econom\u00eda, en el segundo trimestre de 2023, la IEDT registr\u00f3 699.6 millones de d\u00f3lares, lo que equivale al 12.3% de la Inversi\u00f3n Extranjera Directa captada en el pa\u00eds.<\/p>\n<p>Puntualiz\u00f3 que, las entidades que captaron el mayor flujo de IEDT, de abril a junio de 2023, fueron: Baja California Sur con 330.6 millones de d\u00f3lares, esto es 47.3% del total; Quintana Roo, 150.2 millones de d\u00f3lares, lo que representa 21.5% del total; y Jalisco, 52.9 millones de d\u00f3lares, un 7.6% del total.<\/p>\n<p>As\u00ed mismo, resalt\u00f3 la IEDT registrada en este periodo, en los estados de Nayarit, con 46.4 millones de d\u00f3lares; y Sonora con 32.3 millones de d\u00f3lares. Torruco Marqu\u00e9s se\u00f1al\u00f3 que, durante el segundo trimestre de 2023, los pa\u00edses que reportaron el mayor flujo de IEDT fueron Estados Unidos con 447.9 millones de d\u00f3lares, esto es 64% del total; Canad\u00e1, 126.5 millones de d\u00f3lares, lo que representa 18.1% del total; y Espa\u00f1a 48.7 millones de d\u00f3lares, un 7% del total.<\/p>\n<p>Agreg\u00f3 que, de abril a junio de 2023, de Alemania se registraron 10.7 millones de d\u00f3lares, mientras que de Francia fueron 8 millones de d\u00f3lares. Precis\u00f3 que, en el segundo trimestre de 2023, la IEDT en departamentos y casas amuebladas con servicios de hoteler\u00eda fue de 664.6 millones de d\u00f3lares, y en hoteles con otros servicios integrados report\u00f3 26.1 millones de d\u00f3lares, que representan en conjunto el 98.7% del total de la IEDT.<\/p>\n<p>El secretario de Turismo que subray\u00f3 que estas cifras son la muestra de la confianza que brinda M\u00e9xico a los inversionistas y empresarios internacionales, al reiterar que durante 2022, la IEDT en M\u00e9xico, fue de poco m\u00e1s de 4 mil 245 millones de d\u00f3lares, esto es 245% m\u00e1s que en 2019, y represent\u00f3 el 11.7% del total de la Inversi\u00f3n Extranjera Directa captada en el pa\u00eds.<\/p>\n<p>Enfatiz\u00f3 que esto contribuye al desarrollo y diversificaci\u00f3n de la actividad tur\u00edstica en las 270 plazas con vocaci\u00f3n con que cuenta M\u00e9xico, lo que permite que los beneficios del sector lleguen a las localidades, cumpliendo as\u00ed la instrucci\u00f3n del presidente Andr\u00e9s Manuel L\u00f3pez Obrador, de hacer del turismo, una herramienta de reconciliaci\u00f3n social.<\/p>\n<p>En otro orden, le informo que durante la inauguraci\u00f3n del 3er Taller Nacional del Aviso de Privacidad, la Comisionada Josefina Rom\u00e1n Vergara detall\u00f3 que solo 60 de 635 instituciones federales examinadas en la Evaluaci\u00f3n del desempe\u00f1o de los sujetos obligados en el cumplimiento de las disposiciones en materia de protecci\u00f3n de datos personales 2022-2023, elaborada por el Instituto Nacional de Transparencia, Acceso a la Informaci\u00f3n y Protecci\u00f3n de Datos Personales (INAI), obtuvieron un \u00edndice general de cumplimiento del 100 por ciento en las disposiciones de la Ley General de Protecci\u00f3n de Datos Personales en Posesi\u00f3n de Sujetos Obligados.<\/p>\n<p>As\u00ed, sostuvo que existe la necesidad de fortalecer los mecanismos de acompa\u00f1amiento y de control hacia los responsables del tratamiento de datos personales, y un primer paso, dijo, es que cumplan con el deber de informaci\u00f3n, a trav\u00e9s del Aviso de Privacidad.<\/p>\n<p>\u201cEn la medida en que informemos a las personas titulares sobre los alcances de c\u00f3mo, cu\u00e1ndo, d\u00f3nde, por qu\u00e9 y qui\u00e9n realizar\u00e1 el tratamiento de nuestros datos personales, fortaleceremos la confianza en las instituciones p\u00fablicas\u201d, resalt\u00f3 Rom\u00e1n Vergara.<\/p>\n<p>En su mensaje, la Comisionada Presidenta, Blanca Lilia Ibarra Cadena, sostuvo que, a pesar de la coyuntura que enfrenta, el INAI no ha dejado de trabajar para garantizar la protecci\u00f3n de los datos personales, y muestra de ello, dijo, es este taller de capacitaci\u00f3n que brinda a las personas servidoras p\u00fablicas las herramientas t\u00e9cnicas y pr\u00e1cticas para instrumentar de manera efectiva los Avisos de Privacidad.<\/p>\n<p>\u201cEste Aviso de Privacidad permite a las personas ejercer plenamente su autodeterminaci\u00f3n informativa, es decir, tomar decisiones de manera libre e informada sobre sus datos personales (\u2026) En ese marco, el taller se convierte en una soluci\u00f3n que el Sistema Nacional de Transparencia presenta ante los retos del cumplimiento de la regulaci\u00f3n\u201d, subray\u00f3.<\/p>\n<p>En su turno, la Comisionada Norma Julieta del R\u00edo Venegas destac\u00f3 la importancia de que el taller se impulse desde el Sistema Nacional de Transparencia (SNT), ya que tanto los sujetos obligados de la Federaci\u00f3n como los estatales deben cumplir con el Aviso de Privacidad.<\/p>\n<p>Consider\u00f3 grave que el \u00f3rgano garante nacional encargado de garantizar la protecci\u00f3n de datos personales est\u00e9 detenido por no poder sesionar y se pronunci\u00f3 porque pronto el M\u00e1ximo Tribunal resuelva esta situaci\u00f3n. \u201cLa semana que entra posiblemente logremos obtener la suspensi\u00f3n en la Suprema Corte de Justicia de la Naci\u00f3n y volvamos a sesionar, por el bien del INAI\u201d; empero, lo anterior ser\u00e1 motivo de otro an\u00e1lisis en posterior entrega de <strong><em>Hora 14<\/em><\/strong>.<\/p>\n<p><u><em><a href=\"mailto:%20mauricio_conde@msn.com\" target=\"_blank\" rel=\"noopener noreferrer\">mauricioconde59@outlook.com<\/a><\/em><br \/>\n<em>Twitter: <a href=\"https:\/\/twitter.com\/mauconde\" target=\"_blank\" rel=\"noopener\">@mauconde<\/a><\/em><\/u><\/p>\n","protected":false},"excerpt":{"rendered":"<p><span style=\"color: #005497;\"><strong>Mauricio Conde Olivares<\/strong><\/span><\/p>\n","protected":false},"author":3,"featured_media":0,"comment_status":"open","ping_status":"open","sticky":false,"template":"","format":"standard","meta":{"_monsterinsights_skip_tracking":false,"_monsterinsights_sitenote_active":false,"_monsterinsights_sitenote_note":"","_monsterinsights_sitenote_category":0,"footnotes":""},"categories":[35889],"tags":[43712,43674,44860],"class_list":["post-593283","post","type-post","status-publish","format-standard","hentry","category-mauricio-conde-olivares","tag-mauricio-conde-olivares","tag-opinion","tag-hora-14"],"_links":{"self":[{"href":"https:\/\/www.diarioimagen.net\/index.php?rest_route=\/wp\/v2\/posts\/593283","targetHints":{"allow":["GET"]}}],"collection":[{"href":"https:\/\/www.diarioimagen.net\/index.php?rest_route=\/wp\/v2\/posts"}],"about":[{"href":"https:\/\/www.diarioimagen.net\/index.php?rest_route=\/wp\/v2\/types\/post"}],"author":[{"embeddable":true,"href":"https:\/\/www.diarioimagen.net\/index.php?rest_route=\/wp\/v2\/users\/3"}],"replies":[{"embeddable":true,"href":"https:\/\/www.diarioimagen.net\/index.php?rest_route=%2Fwp%2Fv2%2Fcomments&post=593283"}],"version-history":[{"count":0,"href":"https:\/\/www.diarioimagen.net\/index.php?rest_route=\/wp\/v2\/posts\/593283\/revisions"}],"wp:attachment":[{"href":"https:\/\/www.diarioimagen.net\/index.php?rest_route=%2Fwp%2Fv2%2Fmedia&parent=593283"}],"wp:term":[{"taxonomy":"category","embeddable":true,"href":"https:\/\/www.diarioimagen.net\/index.php?rest_route=%2Fwp%2Fv2%2Fcategories&post=593283"},{"taxonomy":"post_tag","embeddable":true,"href":"https:\/\/www.diarioimagen.net\/index.php?rest_route=%2Fwp%2Fv2%2Ftags&post=593283"}],"curies":[{"name":"wp","href":"https:\/\/api.w.org\/{rel}","templated":true}]}}