{"id":594035,"date":"2023-08-29T00:02:55","date_gmt":"2023-08-29T06:02:55","guid":{"rendered":"https:\/\/www.diarioimagen.net\/?p=594035"},"modified":"2023-08-29T02:21:01","modified_gmt":"2023-08-29T08:21:01","slug":"seguridad-de-estudiantes-prioridad-para-el-gobierno-de-cuautitlan-izcalli","status":"publish","type":"post","link":"https:\/\/www.diarioimagen.net\/?p=594035","title":{"rendered":"Seguridad de estudiantes, prioridad para el gobierno de Cuautitl\u00e1n Izcalli"},"content":{"rendered":"<p>&nbsp;<\/p>\n<p><a href=\"https:\/\/www.diarioimagen.net\/?attachment_id=594085\" rel=\"attachment wp-att-594085\"><img loading=\"lazy\" decoding=\"async\" class=\"aligncenter size-full wp-image-594085\" src=\"https:\/\/www.diarioimagen.net\/wp-content\/uploads\/2023\/08\/seguridad-estudiantes.jpg\" alt=\"\" width=\"460\" height=\"270\" \/><\/a><\/p>\n<p>&nbsp;<\/p>\n<p><strong>Cuautitl\u00e1n Izcalli, Estado de M\u00e9xico.\u2014 <\/strong>El gobierno que encabeza Karla Fiesco Garc\u00eda, a trav\u00e9s de la Comisar\u00eda General de Seguridad Ciudadana, llev\u00f3 a cabo el Operativo Regreso a Clases con la finalidad de resguardar la integridad de todos los estudiantes este 28 de agosto.<\/p>\n<p>A partir de las 6:45 am inici\u00f3 el despliegue de 172 elementos, 26 patrullas y 10 motos de la Comisar\u00eda para vigilar las 113 escuelas del municipio. El gobierno municipal exhorta a la poblaci\u00f3n a tomar adecuadamente sus tiempos de traslado para evitar los congestionamientos viales. Asimismo, comunicarse al tel\u00e9fono de la Comisar\u00eda en caso de emergencia 55-58-71-11-11.<\/p>\n","protected":false},"excerpt":{"rendered":"<p>El gobierno que encabeza Karla Fiesco Garc\u00eda, a trav\u00e9s de la Comisar\u00eda General de Seguridad Ciudadana, llev\u00f3 a cabo el Operativo Regreso a Clases con la finalidad de resguardar la integridad de todos los estudiantes este 28 de agosto.<\/p>\n","protected":false},"author":3,"featured_media":594085,"comment_status":"open","ping_status":"open","sticky":false,"template":"","format":"standard","meta":{"_monsterinsights_skip_tracking":false,"_monsterinsights_sitenote_active":false,"_monsterinsights_sitenote_note":"","_monsterinsights_sitenote_category":0,"footnotes":""},"categories":[5],"tags":[971,43675,93011],"class_list":["post-594035","post","type-post","status-publish","format-standard","has-post-thumbnail","hentry","category-estado-de-mexico","tag-cuautitlan-izcalli","tag-estado-de-mexico","tag-karla-fiesco-garcia"],"_links":{"self":[{"href":"https:\/\/www.diarioimagen.net\/index.php?rest_route=\/wp\/v2\/posts\/594035","targetHints":{"allow":["GET"]}}],"collection":[{"href":"https:\/\/www.diarioimagen.net\/index.php?rest_route=\/wp\/v2\/posts"}],"about":[{"href":"https:\/\/www.diarioimagen.net\/index.php?rest_route=\/wp\/v2\/types\/post"}],"author":[{"embeddable":true,"href":"https:\/\/www.diarioimagen.net\/index.php?rest_route=\/wp\/v2\/users\/3"}],"replies":[{"embeddable":true,"href":"https:\/\/www.diarioimagen.net\/index.php?rest_route=%2Fwp%2Fv2%2Fcomments&post=594035"}],"version-history":[{"count":0,"href":"https:\/\/www.diarioimagen.net\/index.php?rest_route=\/wp\/v2\/posts\/594035\/revisions"}],"wp:featuredmedia":[{"embeddable":true,"href":"https:\/\/www.diarioimagen.net\/index.php?rest_route=\/wp\/v2\/media\/594085"}],"wp:attachment":[{"href":"https:\/\/www.diarioimagen.net\/index.php?rest_route=%2Fwp%2Fv2%2Fmedia&parent=594035"}],"wp:term":[{"taxonomy":"category","embeddable":true,"href":"https:\/\/www.diarioimagen.net\/index.php?rest_route=%2Fwp%2Fv2%2Fcategories&post=594035"},{"taxonomy":"post_tag","embeddable":true,"href":"https:\/\/www.diarioimagen.net\/index.php?rest_route=%2Fwp%2Fv2%2Ftags&post=594035"}],"curies":[{"name":"wp","href":"https:\/\/api.w.org\/{rel}","templated":true}]}}