{"id":594107,"date":"2023-08-29T00:08:03","date_gmt":"2023-08-29T06:08:03","guid":{"rendered":"https:\/\/www.diarioimagen.net\/?p=594107"},"modified":"2023-08-29T02:42:37","modified_gmt":"2023-08-29T08:42:37","slug":"el-futuro-politico-con-fracturas","status":"publish","type":"post","link":"https:\/\/www.diarioimagen.net\/?p=594107","title":{"rendered":"El futuro pol\u00edtico, \u00bfcon fracturas?"},"content":{"rendered":"<h2>Punto por punto<\/h2>\n<h5>Augusto Corro<\/h5>\n<p>&nbsp;<\/p>\n<p>El Frente Amplio por M\u00e9xico y el partido Movimiento de Regeneraci\u00f3n Nacional (Morena) dar\u00e1n a conocer los nombres de sus precandidatos presidenciales, en los primeros d\u00edas del pr\u00f3ximo mes de septiembre.<\/p>\n<p>En las organizaciones pol\u00edticas priva la incertidumbre por lo que ocurrir\u00e1 tras la designaci\u00f3n de los abanderados del partido oficial y del Frente, respectivamente.<\/p>\n<p>A la fecha, las etapas para la designaci\u00f3n oficial de los representantes de los partidos no registraron problemas mayores.<\/p>\n<p>Se podr\u00eda decir que campe\u00f3 la unidad en las filas partidistas. Claro, hubo descontento e inconformidad, en algunos casos, pero no se registraron problemas graves.<\/p>\n<p>Los conflictos internos podr\u00edan presentarse una vez que se designe a los representantes que participar\u00e1n en los comicios presidenciales de 2024. Por ejemplo, en Morena, \u00bfcu\u00e1l ser\u00e1 la actitud de los precandidatos perdedores? \u00bfEn caso de que Marcelo Ebrard sea vencido por Claudia Sheinbaum, como se pregona, aceptar\u00e1 la derrota sin chistar?\u00a0 El ex canciller Ebrard fue uno de los aspirantes que m\u00e1s se quej\u00f3 por la forma en que actu\u00f3 su partido Morena, en la etapa de precampa\u00f1a electoral.<\/p>\n<p>\u00bfQu\u00e9 seguir\u00e1 en el partido guinda? Son un sinn\u00famero las especulaciones relacionadas con lo que podr\u00eda hacer el exsecretario de Relaciones Exteriores.<\/p>\n<p>Entre las primeras decisiones y quiz\u00e1s una de las m\u00e1s complejas se encuentra la de renunciar a Morena. Irse a otro partido, con posibilidades de convertirse en un abanderado opositor m\u00e1s o participar en las elecciones presidenciales como candidato independiente.<\/p>\n<p>Cabe preguntarse de qu\u00e9 tama\u00f1o ser\u00eda la divisi\u00f3n que provocar\u00eda la salida de Ebrard de Morena. \u00bfOtra de las \u201ccorcholatas\u201d lo apoyar\u00eda? Los partidos de la oposici\u00f3n pol\u00edtica no parece que tengan problemas de dif\u00edcil soluci\u00f3n, aunque con el l\u00edder del PRI, Alejandro Moreno \u201cAlito\u201d todo se puede esperar.<\/p>\n<p>Y, precisamente, en el presente, la dirigencia priista se encuentra en condiciones de obtener el mejor provecho de la contienda electoral.\u00a0 Contra todos los pron\u00f3sticos, la tricolor Beatriz Paredes se empe\u00f1\u00f3 en hacer un buen papel en la competencia y casi alcanza a X\u00f3chitl G\u00e1lvez, en las encuestas.<\/p>\n<p>Es decir, la priista consigui\u00f3 un papel decoroso que le permite a su l\u00edder \u201cAlito\u201d mejores armas para negociar a favor intereses partidistas o personales.<\/p>\n<p>La senadora X\u00f3chitl G\u00e1lvez, la candidata opositora panista, ya no estar\u00e1 sola en la etapa que se designar\u00e1 la aspirante ganadora.<\/p>\n<p>En Acci\u00f3n Nacional no se presentaron obst\u00e1culos que frenaran a su abandera hidalguense. En cuanto vieron la amenaza de Beatriz Paredes, inmediatamente, se dispusieron a tomar medidas de unidad en torno a X\u00f3chitl G\u00e1lvez.<\/p>\n<p>El precandidato opositor panista, Santiago Creel renunci\u00f3 a participar en la contienda presidencial y todo el apoyo fue para la legisladora.\u00a0 En el PRD, \u201cLos Chuchos\u201d tambi\u00e9n actuaron con rapidez y el l\u00edder Jes\u00fas Zambrano declar\u00f3 que su partido (lo que queda de esa organizaci\u00f3n) se pronunciaba a favor de X\u00f3chitl G\u00e1lvez.<\/p>\n<p>En el partido del sol azteca supieron guardar muy bien sus pleitos dom\u00e9sticos para apoyar sin tantas contrariedades a la senadora hidalguense.<\/p>\n<p>Los dirigentes perredistas estaban enojados porque en el Frente Amplio por M\u00e9xico, sus precandidatos fueron descartados como precandidatos presidenciales. Nos referimos al senador Miguel \u00c1ngel Mancera y a Silvano Aureoles Conejo, exgobernador de Michoac\u00e1n.\u00a0 Como premio de consolaci\u00f3n, el Frente Amplio por M\u00e9xico le encarg\u00f3 tareas relacionadas con el campo al ex mandatario michoacano.\u00a0 El otro tema de las fracturas en las organizaciones pol\u00edticas se encuentra en el partido Movimiento Ciudadano (MC).<\/p>\n<p>Los emecistas se agarraron del chongo porque el gobernador de Jalisco, Enrique Alfaro, no estaba de acuerdo con la manera en que es dirigido ese instituto pol\u00edtico, por parte de su due\u00f1o, el senador Dante Delgado.<\/p>\n<p>En fin, los pleitos y fracturas en las organizaciones pol\u00edticas dif\u00edcilmente terminar\u00e1n.<\/p>\n<p>\u00bfUsted qu\u00e9 opina amable lector?<\/p>\n<p><a href=\"mailto:augustocorro2742@gmail.com\" target=\"_blank\" rel=\"noopener\"><em>augustocorro2742@gmail.com<\/em><\/a><\/p>\n","protected":false},"excerpt":{"rendered":"<p><span style=\"color: #005497;\"><strong>Augusto Corro<\/strong><\/span><\/p>\n","protected":false},"author":3,"featured_media":0,"comment_status":"open","ping_status":"open","sticky":false,"template":"","format":"standard","meta":{"_monsterinsights_skip_tracking":false,"_monsterinsights_sitenote_active":false,"_monsterinsights_sitenote_note":"","_monsterinsights_sitenote_category":0,"footnotes":""},"categories":[157],"tags":[43686,43674,11515],"class_list":["post-594107","post","type-post","status-publish","format-standard","hentry","category-augusto-corro","tag-augusto-corro","tag-opinion","tag-punto-por-punto"],"_links":{"self":[{"href":"https:\/\/www.diarioimagen.net\/index.php?rest_route=\/wp\/v2\/posts\/594107","targetHints":{"allow":["GET"]}}],"collection":[{"href":"https:\/\/www.diarioimagen.net\/index.php?rest_route=\/wp\/v2\/posts"}],"about":[{"href":"https:\/\/www.diarioimagen.net\/index.php?rest_route=\/wp\/v2\/types\/post"}],"author":[{"embeddable":true,"href":"https:\/\/www.diarioimagen.net\/index.php?rest_route=\/wp\/v2\/users\/3"}],"replies":[{"embeddable":true,"href":"https:\/\/www.diarioimagen.net\/index.php?rest_route=%2Fwp%2Fv2%2Fcomments&post=594107"}],"version-history":[{"count":0,"href":"https:\/\/www.diarioimagen.net\/index.php?rest_route=\/wp\/v2\/posts\/594107\/revisions"}],"wp:attachment":[{"href":"https:\/\/www.diarioimagen.net\/index.php?rest_route=%2Fwp%2Fv2%2Fmedia&parent=594107"}],"wp:term":[{"taxonomy":"category","embeddable":true,"href":"https:\/\/www.diarioimagen.net\/index.php?rest_route=%2Fwp%2Fv2%2Fcategories&post=594107"},{"taxonomy":"post_tag","embeddable":true,"href":"https:\/\/www.diarioimagen.net\/index.php?rest_route=%2Fwp%2Fv2%2Ftags&post=594107"}],"curies":[{"name":"wp","href":"https:\/\/api.w.org\/{rel}","templated":true}]}}