{"id":594441,"date":"2023-09-01T00:05:39","date_gmt":"2023-09-01T06:05:39","guid":{"rendered":"https:\/\/www.diarioimagen.net\/?p=594441"},"modified":"2023-08-31T22:36:31","modified_gmt":"2023-09-01T04:36:31","slug":"algunas-pifias-del-emperador","status":"publish","type":"post","link":"https:\/\/www.diarioimagen.net\/?p=594441","title":{"rendered":"Algunas pifias del emperador"},"content":{"rendered":"<h2>Perfil de M\u00e9xico<\/h2>\n<h5>Armando R\u00edos Ruiz<\/h5>\n<p>&nbsp;<\/p>\n<p>Jam\u00e1s hab\u00eda sido tan f\u00e1cil desempe\u00f1ar un cargo p\u00fablico. El m\u00e1s dif\u00edcil, sin preparaci\u00f3n de ninguna \u00edndole. Sin el m\u00ednimo conocimiento de la materia. Sin la m\u00e1s diminuta congoja. Sin preocupaci\u00f3n por ser alarmantemente ineficaz y hasta demasiado corrupto, como en este sexenio. El Presidente, cada d\u00eda m\u00e1s desvergonzadamente c\u00ednico, tiene siempre el perd\u00f3n a flor de labios para sus c\u00f3mplices, adem\u00e1s de supuestos colaboradores.<\/p>\n<p>Hace cinco a\u00f1os prometi\u00f3 un M\u00e9xico igual que Noruega en materia de salud. Esto provoc\u00f3 la burla en diferentes estados de Europa, tanto por estas declaraciones descabelladas, como por otras igualmente absurdas. Pero a pesar de esto, nuestro Presidente ni siquiera se inmut\u00f3, como no se inmuta por cada dislate que emerge de su boca.<\/p>\n<p>Estas situaciones que en cualquiera persona normal provocar\u00edan una pena inmensa, mantienen a nuestro mandatario inalterable. Como si hubiera dicho un chiste que deber\u00eda hacer re\u00edr a todo mundo y que s\u00f3lo provoca su propia risa. Esta misma condici\u00f3n ha motivado tambi\u00e9n que el conocimiento de los psic\u00f3logos lo diagnostique como un ser desajustado mentalmente.<\/p>\n<p>Han transcurrido cinco largos a\u00f1os y la farmacia del Seguro Social est\u00e1 agotada por \u00f3rdenes suyas, sin sentir tampoco el m\u00ednimo dolor por las personas que sufren alguna afecci\u00f3n y no encuentran la ayuda humanitaria del gobierno actual, y tampoco por los que mueren. Lejos de buscar una soluci\u00f3n, se burla de la situaci\u00f3n con su ya especial sonrisita sarc\u00e1stica.<\/p>\n<p>Esto tambi\u00e9n es visto por los psic\u00f3logos como una enfermedad. No obstante, la refuerza con el anuncio de crear una mega farmacia en la que todos los mexicanos podr\u00e1n abastecerse y bastar\u00e1 un d\u00eda para que en caso de que alg\u00fan medicamento no exista en M\u00e9xico, llegue de La India o China, por ejemplo. Como si los m\u00e9dicos pudieran decir al paciente: \u201cesta no la tenemos aqu\u00ed. Pero hoy mismo la pediremos a Zimbabue y al rato se la damos\u201d.<\/p>\n<p>Entre sus m\u00faltiples funcionarios mediocres, figura la se\u00f1ora Claudia Sheinbaum, quien, pese a su incompetencia probada, que la ha convertido en mensajera de la muerte, es aplaudida por su m\u00e1ximo jefe y no obstante haber cercenado el cuello de muchos infortunados con su filosa\u00a0 guada\u00f1a, hoy est\u00e1 casi convertida en la candidata del partido en el poder, para sustituirlo.<\/p>\n<p>En el diario <em>Reforma <\/em>encontr\u00e9\u00a0 esta observaci\u00f3n: \u201cMal andan las cosas en M\u00e9xico cuando el gobierno federal y sus funcionarios culpan a jueces y magistrados de la inseguridad&#8230; y no a la falta de resultados de su pol\u00edtica en contra de la delincuencia\u201d.<\/p>\n<p>\u201cEn d\u00edas recientes, desde el Presidente de la Rep\u00fablica hasta el subsecretario de Seguridad, pasando por el vocero presidencial y hasta el gris director del Sistema P\u00fablico de Radiodifusi\u00f3n han venido diseminando la especie -o habr\u00eda que llamarle mentira- de que los delincuentes salen libres por culpa del sistema judicial\u201d. (Y tambi\u00e9n son herencia del pasado).<\/p>\n<p>\u201cAcusan a jueces, magistrados y ministros de liberarlos&#8230; pero nada dicen sobre el fracaso de las Fiscal\u00edas, tanto federal como estatal, para armar casos s\u00f3lidos a partir de investigaci\u00f3n y peritajes, no de supuestos o venganzas pol\u00edticas. Desmantelar el sistema de justicia suele ser uno de los objetivos de los reg\u00edmenes totalitarios para perpetuarse en el poder\u201d.<\/p>\n<p>Esto tambi\u00e9n se convirti\u00f3 en una obsesi\u00f3n, desde que su candidata\u00a0 a la presidencia de la Suprema Corte no pudo hacerse de la misma, por el casi nada reprobable y delicado hecho de falsificar la tesis profesional que la convirti\u00f3 en abogada y luego otro trabajo para transformarse en doctora en Derecho.<\/p>\n<p>Ahora ha ordenado investigar a X\u00f3chitl G\u00e1lvez hasta encontrarle el m\u00ednimo elemento que evite la competencia contra su elegida. Parece que a\u00fan no conf\u00eda del todo en\u00a0 el fraude que, muchos aseguran, ya tiene preparado.<\/p>\n<p><a href=\"mailto:ariosruiz@gmail.com\" target=\"_blank\" rel=\"noopener noreferrer\"><em>ariosruiz@gmail.com<\/em><\/a><\/p>\n","protected":false},"excerpt":{"rendered":"<p><span style=\"color: #005497;\"><strong>Armando R\u00edos Ruiz<\/strong><\/span><\/p>\n","protected":false},"author":3,"featured_media":0,"comment_status":"open","ping_status":"open","sticky":false,"template":"","format":"standard","meta":{"_monsterinsights_skip_tracking":false,"_monsterinsights_sitenote_active":false,"_monsterinsights_sitenote_note":"","_monsterinsights_sitenote_category":0,"footnotes":""},"categories":[88405],"tags":[88407,43674,91193],"class_list":["post-594441","post","type-post","status-publish","format-standard","hentry","category-armando-rios-ruiz","tag-armando-rios-ruiz","tag-opinion","tag-perfil-de-mexico"],"_links":{"self":[{"href":"https:\/\/www.diarioimagen.net\/index.php?rest_route=\/wp\/v2\/posts\/594441","targetHints":{"allow":["GET"]}}],"collection":[{"href":"https:\/\/www.diarioimagen.net\/index.php?rest_route=\/wp\/v2\/posts"}],"about":[{"href":"https:\/\/www.diarioimagen.net\/index.php?rest_route=\/wp\/v2\/types\/post"}],"author":[{"embeddable":true,"href":"https:\/\/www.diarioimagen.net\/index.php?rest_route=\/wp\/v2\/users\/3"}],"replies":[{"embeddable":true,"href":"https:\/\/www.diarioimagen.net\/index.php?rest_route=%2Fwp%2Fv2%2Fcomments&post=594441"}],"version-history":[{"count":0,"href":"https:\/\/www.diarioimagen.net\/index.php?rest_route=\/wp\/v2\/posts\/594441\/revisions"}],"wp:attachment":[{"href":"https:\/\/www.diarioimagen.net\/index.php?rest_route=%2Fwp%2Fv2%2Fmedia&parent=594441"}],"wp:term":[{"taxonomy":"category","embeddable":true,"href":"https:\/\/www.diarioimagen.net\/index.php?rest_route=%2Fwp%2Fv2%2Fcategories&post=594441"},{"taxonomy":"post_tag","embeddable":true,"href":"https:\/\/www.diarioimagen.net\/index.php?rest_route=%2Fwp%2Fv2%2Ftags&post=594441"}],"curies":[{"name":"wp","href":"https:\/\/api.w.org\/{rel}","templated":true}]}}