{"id":594445,"date":"2023-09-01T00:08:34","date_gmt":"2023-09-01T06:08:34","guid":{"rendered":"https:\/\/www.diarioimagen.net\/?p=594445"},"modified":"2023-08-31T22:40:10","modified_gmt":"2023-09-01T04:40:10","slug":"xochitl-y-su-triunfo-anunciado","status":"publish","type":"post","link":"https:\/\/www.diarioimagen.net\/?p=594445","title":{"rendered":"X\u00f3chitl y su triunfo anunciado"},"content":{"rendered":"<h2>Punto por punto<\/h2>\n<h5>Augusto Corro<\/h5>\n<p>&nbsp;<\/p>\n<p>No caus\u00f3 ninguna sorpresa el triunfo de X\u00f3chitl G\u00e1lvez en la contienda para designar al candidato opositor que busque la silla presidencial.<\/p>\n<p>Al final de las etapas eliminatorias quedaron dos senadoras: X\u00f3chitl G\u00e1lvez, panista; y Beatriz Paredes, priista.<\/p>\n<p>Con meses de anticipaci\u00f3n se dijo que la elecci\u00f3n partidista era una simulaci\u00f3n, pues ya estaba definido qui\u00e9n ser\u00eda la ganadora.<\/p>\n<p>El pron\u00f3stico se cumpli\u00f3 en medio de cr\u00edticas y errores que, a la hora de escribir estas l\u00edneas, no se sab\u00eda si el pr\u00f3ximo domingo se cancelaba la \u00faltima encuesta.<\/p>\n<p>De todas maneras, la situaci\u00f3n de X\u00f3chitl G\u00e1lvez no variar\u00eda, pues ya no tendr\u00eda adversaria, porque el PRI baj\u00f3 de la competencia a su candidata, Beatriz Paredes.<\/p>\n<p>As\u00ed pues, se consumaron las acciones pol\u00edticas de la fuerza opositora que se encuentra dirigida por el empresario Claudio X. Gonz\u00e1lez.<\/p>\n<p>La alianza del Frente Amplio por M\u00e9xico incluye al PAN, PRI y PRD. Los tres partidos opositores unidos, con una sola representante, buscar\u00e1n ganarle a Morena en la elecci\u00f3n\u00a0 presidencial.<\/p>\n<p>Simulaci\u00f3n o farsa, las organizaciones de la oposici\u00f3n se mostraron ajenas a los intereses de las militancias partidistas.<\/p>\n<p>Por ejemplo, no se sabe cu\u00e1l fue la actuaci\u00f3n pol\u00edtica de las llamadas sociedades civiles, pues el \u00fanico que asom\u00f3 la cabeza fue el empresario Claudio X. Gonz\u00e1lez.<\/p>\n<p>Con muchos d\u00edas de anticipaci\u00f3n se supo que X\u00f3chitl G\u00e1lvez ser\u00eda la abanderada presidencial de la oposici\u00f3n, por lo que todas las acciones del frente en torno a la designaci\u00f3n resultaron una burla, un enga\u00f1o.<\/p>\n<p>Sin embargo, as\u00ed se maneja la pol\u00edtica en todos los partidos que hay en M\u00e9xico: las reglas surgen de las \u00e9lites, ellas las establecen y los militantes s\u00f3lo tienen que aceptarlas y cumplirlas.<\/p>\n<p>El Frente Amplio por M\u00e9xico lleg\u00f3 como una tabla salvadora de la oposici\u00f3n, pero no quiso sacudirse las p\u00e9simas conductas que practican en los institutos pol\u00edticos.<\/p>\n<p>En esas organizaciones, los dirigentes se apropian del poder y con \u00e9l envejecen. Lo m\u00e1s reciente ocurri\u00f3 con Beatriz Paredes.<\/p>\n<p>Su propio partido, a trav\u00e9s de su l\u00edder Alejandro Moreno \u201cAlito\u201d, se encarg\u00f3 de bajar de la contienda a la legisladora Beatriz Paredes.<\/p>\n<p>Sin rubor alguno, el \u201cAlito\u201d le dio las gracias a su correligionaria, luego de un discurso de despedida, empalagoso.<\/p>\n<p>Con el tiempo, sabremos qu\u00e9 gan\u00f3 o perdi\u00f3 el l\u00edder priista al adelantar la renuncia de su representante.<\/p>\n<p>Cabe se\u00f1alar que los partidos del Frente Amplio por M\u00e9xico se encuentran en situaciones desesperadas, por decir lo menos.<\/p>\n<p>En Acci\u00f3n Nacional, la lista de panistas empadronados cada vez se reduce. Sigue sin contar con un l\u00edder que lo saque del atolladero en que se encuentra.<\/p>\n<p>Del Partido de la Revoluci\u00f3n Democr\u00e1tica (PRD) nada se espera. Har\u00eda muy bien alejarse para no estorbar en la contienda electoral.\u00a0 Aunque los Chuchos est\u00e1n en la mejor disposici\u00f3n de hacer lo que les ordenan para mantenerse con vida. Ahora ya decidieron sumarse en la cargada a favor de X\u00f3chitl G\u00e1lvez.<\/p>\n<p>En el Partido Revolucionario Institucional (PRI) parece que seguir\u00e1n rumbo al desfiladero. Su alianza con el PAN en nada le favorece.<\/p>\n<p>Quiz\u00e1s por el relativo triunfo de la alianza en las elecciones intermedias, creen que les podr\u00eda ir mejor en las presidenciales.<\/p>\n<p>A la c\u00fapula priista, que gira alrededor de \u201cAlito\u201d, no les interesa el destino de su partido. Son los jerarcas los encargados de dirigir la nave, sin rumbo. Los l\u00edderes velan por sus propios intereses.<\/p>\n<p>\u00bfQu\u00e9 tan fuerte se encuentra la oposici\u00f3n para enfrentar al partido oficial (Morena) y al lopezobradorismo?<\/p>\n<p>Lo que hemos visto por parte de los candidatos presidenciales opositores son actos de precampa\u00f1a y campa\u00f1a, con puras ocurrencias. \u00bfY los proyectos pol\u00edticos para sacar a M\u00e9xico de la pobreza o los planes para acabar con la violencia?\u00a0 No hay respuesta, todo mundo enmudece.<\/p>\n<p>\u00bfUsted qu\u00e9 opina amable lector?<\/p>\n<p><a href=\"mailto:augustocorro2742@gmail.com\" target=\"_blank\" rel=\"noopener\"><em>augustocorro2742@gmail.com<\/em><\/a><\/p>\n","protected":false},"excerpt":{"rendered":"<p><span style=\"color: #005497;\"><strong>Augusto Corro<\/strong><\/span><\/p>\n","protected":false},"author":3,"featured_media":0,"comment_status":"open","ping_status":"open","sticky":false,"template":"","format":"standard","meta":{"_monsterinsights_skip_tracking":false,"_monsterinsights_sitenote_active":false,"_monsterinsights_sitenote_note":"","_monsterinsights_sitenote_category":0,"footnotes":""},"categories":[157],"tags":[43686,43674,11515],"class_list":["post-594445","post","type-post","status-publish","format-standard","hentry","category-augusto-corro","tag-augusto-corro","tag-opinion","tag-punto-por-punto"],"_links":{"self":[{"href":"https:\/\/www.diarioimagen.net\/index.php?rest_route=\/wp\/v2\/posts\/594445","targetHints":{"allow":["GET"]}}],"collection":[{"href":"https:\/\/www.diarioimagen.net\/index.php?rest_route=\/wp\/v2\/posts"}],"about":[{"href":"https:\/\/www.diarioimagen.net\/index.php?rest_route=\/wp\/v2\/types\/post"}],"author":[{"embeddable":true,"href":"https:\/\/www.diarioimagen.net\/index.php?rest_route=\/wp\/v2\/users\/3"}],"replies":[{"embeddable":true,"href":"https:\/\/www.diarioimagen.net\/index.php?rest_route=%2Fwp%2Fv2%2Fcomments&post=594445"}],"version-history":[{"count":0,"href":"https:\/\/www.diarioimagen.net\/index.php?rest_route=\/wp\/v2\/posts\/594445\/revisions"}],"wp:attachment":[{"href":"https:\/\/www.diarioimagen.net\/index.php?rest_route=%2Fwp%2Fv2%2Fmedia&parent=594445"}],"wp:term":[{"taxonomy":"category","embeddable":true,"href":"https:\/\/www.diarioimagen.net\/index.php?rest_route=%2Fwp%2Fv2%2Fcategories&post=594445"},{"taxonomy":"post_tag","embeddable":true,"href":"https:\/\/www.diarioimagen.net\/index.php?rest_route=%2Fwp%2Fv2%2Ftags&post=594445"}],"curies":[{"name":"wp","href":"https:\/\/api.w.org\/{rel}","templated":true}]}}