{"id":594447,"date":"2023-09-01T00:03:02","date_gmt":"2023-09-01T06:03:02","guid":{"rendered":"https:\/\/www.diarioimagen.net\/?p=594447"},"modified":"2023-08-31T22:45:56","modified_gmt":"2023-09-01T04:45:56","slug":"pejelandia-los-alfredo-del-mazo","status":"publish","type":"post","link":"https:\/\/www.diarioimagen.net\/?p=594447","title":{"rendered":"\u201cPejelandia\u201d. Los Alfredo Del Mazo"},"content":{"rendered":"<h2>Espacio Electoral<\/h2>\n<h5>Eleazar Flores<\/h5>\n<p>&nbsp;<\/p>\n<p><strong>EN\u00c9SIMO INFORME-.<\/strong> S\u00f3lo porque el calendario pol\u00edtico lo registra, m\u00e1s no por escuchar \u201cnovedades\u201d que se repiten en los sermones ma\u00f1aneros m\u00ednimo 350 de los 365 d\u00edas del a\u00f1o, le recuerdo que el presidente Andr\u00e9s Manuel L\u00f3pez Obrador leer\u00e1 hoy en Campeche su EN\u00c9SIMO informe de gobierno, con la presencia de los titulares de los poderes Legislativo y Judicial y la inc\u00f3gnita obligada, \u00bfestar\u00e1 la PRESIDENTA DE LA CORTE, NORMA PI\u00d1A?.<\/p>\n<p>De acuerdo al ritual c\u00edvico tradicional, adem\u00e1s de los titulares de los dos Poderes, asist\u00edan al informe legisladores, funcionarios de primer nivel, gobernadores, representantes de los sectores privado, intelectual, art\u00edstico, religioso y por supuesto medios de comunicaci\u00f3n, hoy qui\u00e9n sabe.<\/p>\n<p><strong>\u00bfLO ABORDAR\u00c1?-<\/strong> Pudiera equivocarme, pero adem\u00e1s de exaltar la disminuci\u00f3n de pobres, el apoyo a adultos mayores y j\u00f3venes emprendedores, apueste y ganar\u00e1 a que el padre de la cuarta transformaci\u00f3n omitir\u00e1 dados como los siguientes:<\/p>\n<p>Incendios en instalaciones de Pemex, m\u00e1s que en ning\u00fan otro a\u00f1o, p\u00e9rdidas de vidas en dichos percances, n\u00famero de vidas perdidas y personas desaparecidas, m\u00e1s en estos \u00faltimos cinco a\u00f1os que en los de los dos sexenios anteriores en el mismo lapso de tiempo, y el esclarecimiento de la corrupci\u00f3n en Segalmex, que usted conoci\u00f3 en este espacio hace a\u00f1o y medio cuando no hab\u00eda sido \u201cDESCUBIERTO\u201d por nadie.<\/p>\n<p>La casi generalizada escasez de medicamentos, ya no s\u00f3lo en hospitales p\u00fablicos, pues se ha extendido hasta en instituciones privadas del ramo, siendo el ejemplo m\u00e1s acabado el de la inexistencia de medicinas contra el C\u00c1NCER INFANTIL.<\/p>\n<p>La inmisericorde tala por las obras del TREN MAYA, que al igual que la refiner\u00eda DOS BOCAS, han duplicado su costo, pero de ah\u00ed en fuera VAMOS REQUETEBI\u00c9N.<\/p>\n<p><strong>EDOMEX-.<\/strong> A 14 d\u00edas exactamente del cambio de gobierno -y de partido que es donde se fija m\u00e1s la atenci\u00f3n-, la mayor\u00eda de los mexiquenses involucrados en la \u201cGRILLA\u201d, hija natural de la pol\u00edtica, no olvidan que el mandatario por catorce d\u00edas m\u00e1s, ENTREG\u00d3 LA PLAZA, desde antes y la puntilla de las sospechas ser\u00eda que pronto lo vean como posible EMBAJADOR.<\/p>\n<p>Si su abuelo y su padre supieran las MALAS CUENTAS que rinde ante sus gobernados, Alfredo Del Mazo V\u00e9lez y Alfredo Del Mazo Gonz\u00e1lez se volver\u00edan a\u00a0 morir, no tanto porque la banda gubernamental la entregue a una mujer, sino al partido al que ella pertenece.<\/p>\n<p>M\u00e1xime que, verdad o mentira, JUAN PUEBLO no se quita de la cabeza que el NIETO GOBERNADOR se caracteriz\u00f3 por DESAPOYAR a su partido y a su candidata Alejandra Del Moral, as\u00ed el imputado se haya defendido ante los medios nacionales, -los locales nunca los tom\u00f3 en cuenta-, negar\u00e1 la especie.<\/p>\n<p><em><a href=\"mailto:elefa44@gmail.com\" target=\"_blank\" rel=\"noopener noreferrer\">elefa44@gmail.com<\/a><\/em><\/p>\n","protected":false},"excerpt":{"rendered":"<p><span style=\"color: #005497;\"><strong>Eleazar Flores<\/strong><\/span><\/p>\n","protected":false},"author":3,"featured_media":0,"comment_status":"open","ping_status":"open","sticky":false,"template":"","format":"standard","meta":{"_monsterinsights_skip_tracking":false,"_monsterinsights_sitenote_active":false,"_monsterinsights_sitenote_note":"","_monsterinsights_sitenote_category":0,"footnotes":""},"categories":[81743],"tags":[81776,90483,43674],"class_list":["post-594447","post","type-post","status-publish","format-standard","hentry","category-eleazar-flores","tag-espacio-electoral","tag-leazar-flores","tag-opinion"],"_links":{"self":[{"href":"https:\/\/www.diarioimagen.net\/index.php?rest_route=\/wp\/v2\/posts\/594447","targetHints":{"allow":["GET"]}}],"collection":[{"href":"https:\/\/www.diarioimagen.net\/index.php?rest_route=\/wp\/v2\/posts"}],"about":[{"href":"https:\/\/www.diarioimagen.net\/index.php?rest_route=\/wp\/v2\/types\/post"}],"author":[{"embeddable":true,"href":"https:\/\/www.diarioimagen.net\/index.php?rest_route=\/wp\/v2\/users\/3"}],"replies":[{"embeddable":true,"href":"https:\/\/www.diarioimagen.net\/index.php?rest_route=%2Fwp%2Fv2%2Fcomments&post=594447"}],"version-history":[{"count":0,"href":"https:\/\/www.diarioimagen.net\/index.php?rest_route=\/wp\/v2\/posts\/594447\/revisions"}],"wp:attachment":[{"href":"https:\/\/www.diarioimagen.net\/index.php?rest_route=%2Fwp%2Fv2%2Fmedia&parent=594447"}],"wp:term":[{"taxonomy":"category","embeddable":true,"href":"https:\/\/www.diarioimagen.net\/index.php?rest_route=%2Fwp%2Fv2%2Fcategories&post=594447"},{"taxonomy":"post_tag","embeddable":true,"href":"https:\/\/www.diarioimagen.net\/index.php?rest_route=%2Fwp%2Fv2%2Ftags&post=594447"}],"curies":[{"name":"wp","href":"https:\/\/api.w.org\/{rel}","templated":true}]}}