{"id":594449,"date":"2023-09-01T00:11:12","date_gmt":"2023-09-01T06:11:12","guid":{"rendered":"https:\/\/www.diarioimagen.net\/?p=594449"},"modified":"2023-08-31T22:45:17","modified_gmt":"2023-09-01T04:45:17","slug":"beatriz-paredes-y-gutierrez-muller-complot-contra-el-frente-amplio","status":"publish","type":"post","link":"https:\/\/www.diarioimagen.net\/?p=594449","title":{"rendered":"Beatriz Paredes y Guti\u00e9rrez M\u00fcller: complot contra el Frente Amplio"},"content":{"rendered":"<h2>\u00cdndice pol\u00edtico<\/h2>\n<h5>Francisco Rodr\u00edguez<\/h5>\n<p>&nbsp;<\/p>\n<p>Durante varias noches recientes, <strong>Beatriz Paredes Rangel <\/strong>y<strong> Beatriz Guti\u00e9rrez M\u00fcller<\/strong> sostuvieron largos encuentros, cuyo tema principal no fue precisamente el de la cultura prehisp\u00e1nica o el de la emancipaci\u00f3n mexicana tras tres siglos de coloniaje espa\u00f1ol.<\/p>\n<p>Sobre la calle de Reina, en el bello barrio capitalino de San \u00c1ngel, una camioneta de lujo, blindada y con cristales polarizados fue el escenario de las pl\u00e1ticas que sostuvieron la NO primera dama y la ahora NO constructora del Frente Amplio por M\u00e9xico.<\/p>\n<p>Y si no fue de cuestiones hist\u00f3ricas, de las que dice ser ducha la actual esposa de <strong>Andr\u00e9s Manuel L\u00f3pez Obrador<\/strong>, \u00bfde qu\u00e9 fue de lo que ambas platicaron en sus prolongadas veladas?<\/p>\n<p>Ni m\u00e1s ni menos que de la \u2014por fortuna\u2014 ya fallida participaci\u00f3n de la veracruzana que se dice tlaxcalteca como contrincante de <strong>X\u00f3chitl G\u00e1lvez,<\/strong> a quien tanto teme el ocupante de Palacio Nacional.<\/p>\n<p>\u00bfDe apoyos del obradorato?<\/p>\n<p>S\u00ed, pero \u00bfa cambio de qu\u00e9?<\/p>\n<p>\u00bfDe dinero del bien llamado <strong><em>Rey del cash<\/em><\/strong> para el desarrollo de los actos y dem\u00e1s actividades proselitistas?<\/p>\n<p>Tambi\u00e9n, pero \u00bfa cambio de qu\u00e9?<\/p>\n<p>\u00bfDe soportes log\u00edsticos y de seguridad personal \u2014ante el creciente clima de violencia?<\/p>\n<p>Por supuesto, pero \u00bfqu\u00e9 ofrec\u00eda Paredes Rangel a L\u00f3pez Obrador, a trav\u00e9s de su c\u00f3nyuge Guti\u00e9rrez M\u00fcller?<\/p>\n<p>Lo de siempre.<\/p>\n<p>Lo que ya antes, en 2006 y en 2012 le hab\u00eda entregado a AMLO.<\/p>\n<p>Una campa\u00f1a de \u201cbrazos ca\u00eddos\u201d, nacida para perder.<\/p>\n<p>Una traici\u00f3n m\u00e1s al PRI de <strong>Alejandro <em>Alito<\/em> Moreno<\/strong>, como las perpetradas cuando ella encabez\u00f3 a ese partido y empuj\u00f3 los triunfos de candidatos de otras franquicias partidistas\u2026<\/p>\n<p>\u2026s\u00f3lo que ahora tambi\u00e9n estaba lista para traicionar a la ciudadan\u00eda que ingenuamente vot\u00f3 por ella en las encuestas\u2026<\/p>\n<p>\u2026lo mismo que a la militancia de los partidos que encabezan <strong>Marko Cort\u00e9s<\/strong> y <strong>Jes\u00fas Zambrano.<\/strong><\/p>\n<p>El gran golpe lo iban a dar este domingo.<\/p>\n<p>Justo en la votaci\u00f3n que se llevar\u00eda a cabo para complementar el proceso ideado por los ciudadanos y representantes partidistas que integran el Comit\u00e9 Organizador del FAM opositor a Morena y su fauna verde y dizque trabajadora que le acompa\u00f1an.<\/p>\n<p>Acudir\u00edan cuatroteros a descarrilar las votaciones.<\/p>\n<p>A amedrentar a quienes se acercaran a las casillas.<\/p>\n<p>A sembrar violencia.<\/p>\n<p>A romper el proceso, muy al estilo de la 4T. Pr\u00e1cticamente lo mismo que antes hicieron cuando la mayor\u00eda militaba en el llamado sol azteca.<\/p>\n<p>Toda esta informaci\u00f3n, a\u00fan m\u00e1s detallada, la verdad, lleg\u00f3 a los dirigentes de los partidos opositores al fallido r\u00e9gimen actual. Y fue por tal que, en lugar de dar a conocer los resultados de la encuesta hasta el pr\u00f3ximo domingo, adelantaron el anuncio para la tarde de este mi\u00e9rcoles.<\/p>\n<p>Paredes dej\u00f3 colgados de la brocha a Guti\u00e9rrez M\u00fcller y a L\u00f3pez Obrador.<\/p>\n<p>Eso s\u00ed, dicen, se qued\u00f3 con las 30 monedas que ya le hab\u00edan entregado.<\/p>\n<p style=\"text-align: center;\"><strong>X\u00f3chitl G\u00e1lvez, como se hab\u00eda pronosticado<\/strong><\/p>\n<p>Pese al muy claro apoyo de AMLO en sus sketches de las matin\u00e9s electoreras-c\u00f3mico-musicales de martes y mi\u00e9rcoles \u2014\u201c<strong>Beatriz aguanta, el pueblo se levanta<\/strong>\u201d \u2014, los tweets de los chairos y hasta de los <strong><em>bots<\/em><\/strong> de <strong>Jes\u00fas Ram\u00edrez Cuevas<\/strong>\u2026<\/p>\n<p>\u2026o tal vez debido a eso precisamente\u2026<\/p>\n<p>\u2026<strong>Beatriz Paredes<\/strong> ejerci\u00f3 su derecho de pataleo para, finalmente, quedar fuera de la jugada.<\/p>\n<p>Cav\u00f3 su propia tumba\u2026<\/p>\n<p>\u2026y ahora tendr\u00e1 que rellenarla con las carretadas del dinero recibido \u201cen efe y por adela\u201d.<\/p>\n<p>Sencilla, humilde en la victoria, tal vez desconocedora del complot de \u201clas Beatriz\u201d, todav\u00eda G\u00e1lvez intentaba conciliar con Paredes la misma noche de este mi\u00e9rcoles.<\/p>\n<p>El triunfo de la hidalguense fue contundente, inobjetable.<\/p>\n<p>Tal y como muchos hab\u00edamos pronosticado que suceder\u00eda.<\/p>\n<p>Todav\u00eda, empero, falta saber qu\u00e9 es lo que propondr\u00e1 \u2014aunque ya ha esbozado algo de ello en las \u00faltimas ocho semanas\u2014 cuando ya sea investida formalmente como contendiente a la Presidencia de la Rep\u00fablica.<\/p>\n<p>Tanto teme AMLO a la hidalguense, pues un triunfo de la oposici\u00f3n autom\u00e1ticamente significa un proceso penal en su contra por todos los cr\u00edmenes de lesa humanidad que ha acometido los \u00faltimos cinco a\u00f1os \u2014y los meses que a\u00fan faltan\u2014, que a\u00fan puede llevar a cabo intentonas para \u201cbajarla\u201d de la contienda presidencial.<\/p>\n<p>Y cr\u00e9ame: ya no usar\u00eda a su esposa para llevarlas a cabo.<\/p>\n<p>Fallaron las dos Beatriz.<\/p>\n<p>\u00a1Enhorabuena!, \u00bfverdad?<\/p>\n<p><em><u><a href=\"http:\/\/www.indicepolitico.com\" target=\"_blank\" rel=\"noopener noreferrer\">www.indicepolitico.com<\/a><\/u><u><br \/>\n<\/u><a href=\"mailto:indicepolitico@gmail.com\" target=\"_blank\" rel=\"noopener noreferrer\">indicepolitico@gmail.com<\/a><\/em><br \/>\n<em><a href=\"https:\/\/twitter.com\/indicepolitico?lang=es\" target=\"_blank\" rel=\"noopener noreferrer\">@IndicePolitico<\/a><\/em><br \/>\n<em><u><a href=\"https:\/\/twitter.com\/pacorodriguez\" target=\"_blank\" rel=\"noopener noreferrer\">@pacorodriguez<\/a><\/u><\/em><\/p>\n","protected":false},"excerpt":{"rendered":"<p><span style=\"color: #005497;\"><strong>Francisco Rodr\u00edguez<\/strong><\/span><\/p>\n","protected":false},"author":3,"featured_media":0,"comment_status":"open","ping_status":"open","sticky":false,"template":"","format":"standard","meta":{"_monsterinsights_skip_tracking":false,"_monsterinsights_sitenote_active":false,"_monsterinsights_sitenote_note":"","_monsterinsights_sitenote_category":0,"footnotes":""},"categories":[549],"tags":[43689,550,43674],"class_list":["post-594449","post","type-post","status-publish","format-standard","hentry","category-francisco-rodriguez","tag-francisco-rodriguez","tag-indice-politico","tag-opinion"],"_links":{"self":[{"href":"https:\/\/www.diarioimagen.net\/index.php?rest_route=\/wp\/v2\/posts\/594449","targetHints":{"allow":["GET"]}}],"collection":[{"href":"https:\/\/www.diarioimagen.net\/index.php?rest_route=\/wp\/v2\/posts"}],"about":[{"href":"https:\/\/www.diarioimagen.net\/index.php?rest_route=\/wp\/v2\/types\/post"}],"author":[{"embeddable":true,"href":"https:\/\/www.diarioimagen.net\/index.php?rest_route=\/wp\/v2\/users\/3"}],"replies":[{"embeddable":true,"href":"https:\/\/www.diarioimagen.net\/index.php?rest_route=%2Fwp%2Fv2%2Fcomments&post=594449"}],"version-history":[{"count":0,"href":"https:\/\/www.diarioimagen.net\/index.php?rest_route=\/wp\/v2\/posts\/594449\/revisions"}],"wp:attachment":[{"href":"https:\/\/www.diarioimagen.net\/index.php?rest_route=%2Fwp%2Fv2%2Fmedia&parent=594449"}],"wp:term":[{"taxonomy":"category","embeddable":true,"href":"https:\/\/www.diarioimagen.net\/index.php?rest_route=%2Fwp%2Fv2%2Fcategories&post=594449"},{"taxonomy":"post_tag","embeddable":true,"href":"https:\/\/www.diarioimagen.net\/index.php?rest_route=%2Fwp%2Fv2%2Ftags&post=594449"}],"curies":[{"name":"wp","href":"https:\/\/api.w.org\/{rel}","templated":true}]}}