{"id":594457,"date":"2023-09-01T00:10:23","date_gmt":"2023-09-01T06:10:23","guid":{"rendered":"https:\/\/www.diarioimagen.net\/?p=594457"},"modified":"2023-08-31T22:54:26","modified_gmt":"2023-09-01T04:54:26","slug":"eleccion-atipica-el-pri-sin-candidato","status":"publish","type":"post","link":"https:\/\/www.diarioimagen.net\/?p=594457","title":{"rendered":"Elecci\u00f3n at\u00edpica; el PRI, sin candidato"},"content":{"rendered":"<h2>De frente y de perfil<\/h2>\n<h5>Ram\u00f3n Zurita Sahag\u00fan<\/h5>\n<p>&nbsp;<\/p>\n<p>Es culpa de la pol\u00edtica, de los actores pol\u00edticos, de la desidia de la gente o simplemente apat\u00eda y desinter\u00e9s de una ciudadan\u00eda que est\u00e1 harta de los conflictos de todo tipo surgidos de las lides pol\u00edticas y con dificultades acude a las urnas a sufragar.<\/p>\n<p>La semana pr\u00f3xima quedar\u00e1n definidas las dos principales candidaturas presidenciales, por lo que el pueblo podr\u00e1 sopesar bien por cual de ellas votar y contar\u00e1 con el tiempo suficiente para evaluar las ofertas de cada uno de los grupos contendientes.<\/p>\n<p>Partidos y candidatos o candidatas deber\u00e1n evaluar la forma de proyectar las campa\u00f1as pol\u00edticas, para poder atraer al mayor n\u00famero de votantes y hacer de los comicios presidenciales una verdadera fiesta de la democracia.<\/p>\n<p>Lo visto hasta ahora no parece satisfacer a nadie, con todo y que las campa\u00f1as anticipadas le pusieron algo de sabor con las seis \u201ccorcholatas\u201d danzando por el todo el pa\u00eds, mostrado su m\u00fasculo y el de sus partidos, mientras que las del frente opositor entretuvieron un poco, aunque el final estaba anticipado, luego de las bajas de algunos de los aspirantes.<\/p>\n<p>Hay quienes ven un fracaso en la forma en que se oper\u00f3 la estrategia de la alianza constituida en el Frente Amplio por M\u00e9xico, ya que no se concluy\u00f3 con la prevista asistencia a las urnas.<\/p>\n<p>Sin embargo, para los opositores es prioritario mantener la unidad y dar paso a quien luzca m\u00e1s atractivo para los electores.<\/p>\n<p>X\u00f3chitl G\u00e1lvez lleg\u00f3 con todo el potencial para sobresalir sobre sus antagonistas, pues el propio Presidente de la Rep\u00fablica le proporcion\u00f3 las herramientas necesarias para su crecimiento. Ella, simplemente vio la conveniencia de basar su estrategia en su estilo contestatario y de simpat\u00eda.<\/p>\n<p>Beatriz Paredes sorprendi\u00f3 con su repunte y con haber llegado a la final y no porque se desconozcan las aptitudes y el oficio pol\u00edtico de la tlaxcalteca, pero s\u00ed porque sus habilidades las hab\u00eda dejado guardadas durante mucho tiempo y no las us\u00f3 siquiera en su competencia por el gobierno del DF en 2012, cuando los priistas ganaron casi todo y ella fue enviada hasta el tercer lugar en la capital del pa\u00eds. Beatriz se hab\u00eda refugiado en la comodidad de los cargos plurinominales y los de gobierno. Ahora nos mostr\u00f3 que sigue siendo una buena oradora y que abandon\u00f3 la abulia de hace a\u00f1os para regresar a ser una buena operadora pol\u00edtica que puede contribuir en una ardua campa\u00f1a electoral.<\/p>\n<p>En los pr\u00f3ximos d\u00edas se conocer\u00e1 el nombre de la persona que abanderar\u00e1 al partido gobernante y sus aliados, el que, sin duda, ser\u00e1 el de Claudia Sheinbaum, la ex jefa de Gobierno de la CDMX, lo que pondr\u00e1 interesante la contienda que ser\u00e1, principalmente, entre dos mujeres, aunque MC contin\u00faa enfrascado en presentarse como una tercera v\u00eda con un candidato var\u00f3n.<\/p>\n<p>Competir dos mujeres y partiendo como favoritas hace posible que M\u00e9xico tenga su primera mujer presidenta, lo que deber\u00e1 ser un atractivo para llamar la atenci\u00f3n de la siempre ab\u00falica ciudadana, para que acuda masivamente a las urnas.<\/p>\n<p>La elecci\u00f3n de 24 ser\u00e1 sumamente at\u00edpica, ya que por vez primera en 93 a\u00f1os no tendr\u00e1 a un militante del PRI ni del PNR o PRM como candidato presidencial.<\/p>\n<p>Antes, los partidos se sumaban al Revolucionario Institucional, como se volvi\u00f3 una costumbre que lo hicieran PARM y PPS, pero ahora el PRI va en una alianza con sus anta\u00f1o adversarios PAN y PRD, donde el candidato ser\u00e1 mujer y no militante del tricolor.<\/p>\n<p><a href=\"mailto:ramonzurita44@hotmail.com\" target=\"_blank\" rel=\"noopener noreferrer\"><em>ramonzurita44@hotmail.com<\/em><\/a><\/p>\n","protected":false},"excerpt":{"rendered":"<p><span style=\"color: #005497;\"><strong>Ram\u00f3n Zurita Sahag\u00fan<\/strong><\/span><\/p>\n","protected":false},"author":3,"featured_media":0,"comment_status":"open","ping_status":"open","sticky":false,"template":"","format":"standard","meta":{"_monsterinsights_skip_tracking":false,"_monsterinsights_sitenote_active":false,"_monsterinsights_sitenote_note":"","_monsterinsights_sitenote_category":0,"footnotes":""},"categories":[234],"tags":[304,43674,43687],"class_list":["post-594457","post","type-post","status-publish","format-standard","hentry","category-ramon-zurita-sahagun","tag-de-frente-y-de-perfil","tag-opinion","tag-ramon-zurita-sahagun"],"_links":{"self":[{"href":"https:\/\/www.diarioimagen.net\/index.php?rest_route=\/wp\/v2\/posts\/594457","targetHints":{"allow":["GET"]}}],"collection":[{"href":"https:\/\/www.diarioimagen.net\/index.php?rest_route=\/wp\/v2\/posts"}],"about":[{"href":"https:\/\/www.diarioimagen.net\/index.php?rest_route=\/wp\/v2\/types\/post"}],"author":[{"embeddable":true,"href":"https:\/\/www.diarioimagen.net\/index.php?rest_route=\/wp\/v2\/users\/3"}],"replies":[{"embeddable":true,"href":"https:\/\/www.diarioimagen.net\/index.php?rest_route=%2Fwp%2Fv2%2Fcomments&post=594457"}],"version-history":[{"count":0,"href":"https:\/\/www.diarioimagen.net\/index.php?rest_route=\/wp\/v2\/posts\/594457\/revisions"}],"wp:attachment":[{"href":"https:\/\/www.diarioimagen.net\/index.php?rest_route=%2Fwp%2Fv2%2Fmedia&parent=594457"}],"wp:term":[{"taxonomy":"category","embeddable":true,"href":"https:\/\/www.diarioimagen.net\/index.php?rest_route=%2Fwp%2Fv2%2Fcategories&post=594457"},{"taxonomy":"post_tag","embeddable":true,"href":"https:\/\/www.diarioimagen.net\/index.php?rest_route=%2Fwp%2Fv2%2Ftags&post=594457"}],"curies":[{"name":"wp","href":"https:\/\/api.w.org\/{rel}","templated":true}]}}