{"id":594524,"date":"2023-09-04T00:06:53","date_gmt":"2023-09-04T06:06:53","guid":{"rendered":"https:\/\/www.diarioimagen.net\/?p=594524"},"modified":"2023-09-05T00:31:06","modified_gmt":"2023-09-05T06:31:06","slug":"miradas-egipcias-una-perspectiva-diferente-sobre-egipto-khaled-abdelrahman-abdellatif-shamaa","status":"publish","type":"post","link":"https:\/\/www.diarioimagen.net\/?p=594524","title":{"rendered":"\u201cMiradas Egipcias\u201d, una perspectiva diferente sobre Egipto: Khaled Abdelrahman Abdellatif Shamaa"},"content":{"rendered":"<p>&nbsp;<\/p>\n<h3 style=\"text-align: center;\">FILEM 2023:<\/h3>\n<p><em>\u00a0<\/em><\/p>\n<ul>\n<li><strong><em>El Excelent\u00edsimo Embajador de la Rep\u00fablica \u00c1rabe de Egipto en M\u00e9xico, destac\u00f3 que esta narraci\u00f3n va m\u00e1s all\u00e1 de retratar an\u00e9cdotas de la escritora, H\u00e9l\u00e8ne Blocquaux<\/em><\/strong><\/li>\n<\/ul>\n<p><strong>\u00a0<\/strong><\/p>\n<div id=\"attachment_594579\" style=\"width: 470px\" class=\"wp-caption aligncenter\"><a href=\"https:\/\/www.diarioimagen.net\/?attachment_id=594579\" rel=\"attachment wp-att-594579\"><img loading=\"lazy\" decoding=\"async\" aria-describedby=\"caption-attachment-594579\" class=\"size-full wp-image-594579\" src=\"https:\/\/www.diarioimagen.net\/wp-content\/uploads\/2023\/09\/uaem-miradas-egipcias.jpg\" alt=\"\" width=\"460\" height=\"270\" \/><\/a><p id=\"caption-attachment-594579\" class=\"wp-caption-text\">Ante la secretaria de Difusi\u00f3n Cultural de la Universidad Aut\u00f3noma del Estado de M\u00e9xico (UAEM\u00e9x), Mar\u00eda de las Mercedes Portilla Luja, destac\u00f3 el parentesco existente entre la cultura mexicana y egipcia.<\/p><\/div>\n<p>&nbsp;<\/p>\n<p><strong>Toluca, Estado de M\u00e9xico.\u2013<\/strong> M\u00e1s all\u00e1 de sus c\u00e9lebres pir\u00e1mides y sus cicl\u00f3peos monumentos, Egipto es sobre todo vida callejera, comercio, sonidos, olores, aromas, conversaciones y encuentros con una vitalidad casi embriagadora, coincidieron el Excelent\u00edsimo Embajador de la Rep\u00fablica \u00c1rabe de Egipto en M\u00e9xico, Khaled Abdelrahman Abdellatif Shamaa y la escritora H\u00e9l\u00e8ne Blocquaux durante la presentaci\u00f3n del libro \u201cMiradas Egipcias\u201d en el marco de la Feria Internacional del Libro Estado de M\u00e9xico FILEM 2023.<\/p>\n<p>En el foro Esv\u00f3n Gamaliel y ante la secretaria de Difusi\u00f3n Cultural de la Universidad Aut\u00f3noma del Estado de M\u00e9xico (UAEM\u00e9x), Mar\u00eda de las Mercedes Portilla Luja, Abdellatif Shamaa destac\u00f3 que esta narraci\u00f3n no solo retrata an\u00e9cdotas de la escritora, sino que se vuelve tambi\u00e9n una invitaci\u00f3n para conocer Egipto desde una perspectiva diferente.<\/p>\n<p>\u201cEstoy muy feliz de estar con ustedes para hacer la presentaci\u00f3n de la introducci\u00f3n de un libro que les dar\u00e1 un sabor, un gusto del Egipto de Alexandr\u00eda. Este libro habla de la descripci\u00f3n un poco de la ciudad de Egipto, de la vida en Egipto, pero es la descripci\u00f3n de los sentimientos caracter\u00edsticos de los seres de Egipto\u201d refiri\u00f3.<\/p>\n<p>Destac\u00f3 tambi\u00e9n, junto con la escritora, el parentesco existente entre la cultura mexicana y egipcia el cual va m\u00e1s all\u00e1 de sus pir\u00e1mides.<\/p>\n<p>Durante la presentaci\u00f3n del libro, la autora H\u00e9l\u00e8ne Blocquaux explic\u00f3 que la redacci\u00f3n de este texto comenz\u00f3 en 2010; naci\u00f3, dijo, a partir del deseo de contar las historias plasmadas en las fotograf\u00edas tomadas por ella y que conserva como recuerdo de su estancia en ese pa\u00eds.<\/p>\n<p>\u201cEn aquella \u00e9poca mi c\u00e1mara hab\u00eda sido mi mirada y mi memoria, y ahora a\u00f1os despu\u00e9s era una nostalgia que se estaba convirtiendo en escritura visual; quer\u00eda contar historias, escenas ancladas entre recuerdos, andanzas y ofrecer viajes literarios min\u00fasculos que me daban de mis fotograf\u00edas a un p\u00fablico, que ni siquiera vislumbraba en aquel entonces\u201d indic\u00f3.<\/p>\n<p>En su oportunidad, el Doctor en Historia del Arte por la Universidad Aut\u00f3noma del Estado de Morelos (UAEM), Mario Jocs\u00e1n Bahena Ar\u00e9chiga Carrillo, apunt\u00f3 la importancia de este tipo de textos que retratan al viaje como hecho social, en donde se comparten experiencias y conocimientos de quienes visitan y viven en un lugar diferente al suyo desde una realidad diferente, as\u00ed como lo enriquecedor que esto se vuelve para la documentaci\u00f3n de hechos sociales.<\/p>\n<p>Miradas Egipcias es el segundo libro de H\u00e9l\u00e8ne Blocquaux y se encuentra disponible en librer\u00edas tanto en formato impreso como electr\u00f3nico, as\u00ed como en la FILEM 2023 que concluye el pr\u00f3ximo 3 de septiembre en el Centro de Convenciones del Estado de M\u00e9xico en Toluca, Estado de M\u00e9xico.<\/p>\n","protected":false},"excerpt":{"rendered":"<p>M\u00e1s all\u00e1 de sus c\u00e9lebres pir\u00e1mides y sus cicl\u00f3peos monumentos, Egipto es sobre todo vida callejera, comercio, sonidos, olores, aromas, conversaciones y encuentros con una vitalidad casi embriagadora, coincidieron el Excelent\u00edsimo Embajador de la Rep\u00fablica \u00c1rabe de Egipto en M\u00e9xico, Khaled Abdelrahman Abdellatif Shamaa y la escritora H\u00e9l\u00e8ne Blocquaux durante la presentaci\u00f3n del libro \u201cMiradas Egipcias\u201d en el marco de la Feria Internacional del Libro Estado de M\u00e9xico FILEM 2023.<\/p>\n","protected":false},"author":3,"featured_media":594579,"comment_status":"open","ping_status":"open","sticky":false,"template":"","format":"standard","meta":{"_monsterinsights_skip_tracking":false,"_monsterinsights_sitenote_active":false,"_monsterinsights_sitenote_note":"","_monsterinsights_sitenote_category":0,"footnotes":""},"categories":[5],"tags":[3311,98536,67878],"class_list":["post-594524","post","type-post","status-publish","format-standard","has-post-thumbnail","hentry","category-estado-de-mexico","tag-egipto","tag-miradas-egipcias","tag-uaemex"],"_links":{"self":[{"href":"https:\/\/www.diarioimagen.net\/index.php?rest_route=\/wp\/v2\/posts\/594524","targetHints":{"allow":["GET"]}}],"collection":[{"href":"https:\/\/www.diarioimagen.net\/index.php?rest_route=\/wp\/v2\/posts"}],"about":[{"href":"https:\/\/www.diarioimagen.net\/index.php?rest_route=\/wp\/v2\/types\/post"}],"author":[{"embeddable":true,"href":"https:\/\/www.diarioimagen.net\/index.php?rest_route=\/wp\/v2\/users\/3"}],"replies":[{"embeddable":true,"href":"https:\/\/www.diarioimagen.net\/index.php?rest_route=%2Fwp%2Fv2%2Fcomments&post=594524"}],"version-history":[{"count":0,"href":"https:\/\/www.diarioimagen.net\/index.php?rest_route=\/wp\/v2\/posts\/594524\/revisions"}],"wp:featuredmedia":[{"embeddable":true,"href":"https:\/\/www.diarioimagen.net\/index.php?rest_route=\/wp\/v2\/media\/594579"}],"wp:attachment":[{"href":"https:\/\/www.diarioimagen.net\/index.php?rest_route=%2Fwp%2Fv2%2Fmedia&parent=594524"}],"wp:term":[{"taxonomy":"category","embeddable":true,"href":"https:\/\/www.diarioimagen.net\/index.php?rest_route=%2Fwp%2Fv2%2Fcategories&post=594524"},{"taxonomy":"post_tag","embeddable":true,"href":"https:\/\/www.diarioimagen.net\/index.php?rest_route=%2Fwp%2Fv2%2Ftags&post=594524"}],"curies":[{"name":"wp","href":"https:\/\/api.w.org\/{rel}","templated":true}]}}