{"id":594525,"date":"2023-09-04T00:05:33","date_gmt":"2023-09-04T06:05:33","guid":{"rendered":"https:\/\/www.diarioimagen.net\/?p=594525"},"modified":"2023-09-04T23:16:38","modified_gmt":"2023-09-05T05:16:38","slug":"uaemex-promueve-una-vida-libre-de-violencia-para-mujeres-y-ninas","status":"publish","type":"post","link":"https:\/\/www.diarioimagen.net\/?p=594525","title":{"rendered":"UAEM\u00e9x promueve una vida libre de violencia para mujeres y ni\u00f1as"},"content":{"rendered":"<p>&nbsp;<\/p>\n<div id=\"attachment_594581\" style=\"width: 470px\" class=\"wp-caption aligncenter\"><a href=\"https:\/\/www.diarioimagen.net\/?attachment_id=594581\" rel=\"attachment wp-att-594581\"><img loading=\"lazy\" decoding=\"async\" aria-describedby=\"caption-attachment-594581\" class=\"size-full wp-image-594581\" src=\"https:\/\/www.diarioimagen.net\/wp-content\/uploads\/2023\/09\/uaem-promueve.jpg\" alt=\"\" width=\"460\" height=\"270\" \/><\/a><p id=\"caption-attachment-594581\" class=\"wp-caption-text\">La Administraci\u00f3n Universitaria 2021-2025 de la UAEM\u00e9x reitera su pol\u00edtica de cero tolerancia a cualquier tipo de violencia dentro de la comunidad universitaria.<\/p><\/div>\n<p>&nbsp;<\/p>\n<p><strong>Toluca, Estado de M\u00e9xico.\u2013<\/strong> \u201c\u00bfQu\u00e9 puedes hacer para eliminar la condici\u00f3n de inferioridad que tradicionalmente se asigna a las mujeres y a las ni\u00f1as?\u201d Es la reflexi\u00f3n final de la obra \u00bfQu\u00e9 veo cuando me veo?, del colectivo independiente de teatro Ellas en Escena, presentada en la Facultad de Ciencias Pol\u00edticas y Sociales de la Universidad Aut\u00f3noma del Estado de M\u00e9xico (UAEM\u00e9x).<\/p>\n<p>Acompa\u00f1ada por la directora general de Comunicaci\u00f3n Universitaria, Ginarely Valencia Alc\u00e1ntara; el secretario de Movilidad del Estado de M\u00e9xico, Luis Gilberto Lim\u00f3n Ch\u00e1vez, y la titular de la Unidad de G\u00e9nero y Erradicaci\u00f3n de la Violencia de la Secretar\u00eda de Movilidad, Melania Torres Campuzano, la directora de la Facultad de Ciencias Pol\u00edticas y Sociales, Laura Elizabeth Behumea Gonz\u00e1lez, destac\u00f3 que\u00a0 este espacio auriverde cuenta con dos programas de estudios avanzados vinculados al estudio de la igualdad entre hombres y mujeres: Especialidad en G\u00e9nero Violencia y Pol\u00edticas P\u00fablicas y Maestr\u00eda en G\u00e9nero, Sociedad y Pol\u00edticas P\u00fablicas.<\/p>\n<p>\u201cLo que estamos intentando hacer es formar profesionales que est\u00e9n involucrados en tem\u00e1ticas sobre equidad, ya que no se trata de ser un g\u00e9nero en contra del otro, se trata de complementarnos para crear sociedades m\u00e1s justas y equitativas\u201d, abund\u00f3.<\/p>\n<p>Escrita por la dramaturga y actriz Carmen Trejo y revisada en la acad\u00e9mica de la Universidad Nacional Aut\u00f3noma de M\u00e9xico (UNAM), la puesta en escena tiene como objetivo crear conciencia sobre la violencia contra las mujeres para contribuir a su prevenci\u00f3n a trav\u00e9s de siete escenas que explican c\u00f3mo es que se representa el ciclo de la violencia que pueden llegar a vivir las mujeres.<\/p>\n<p>A trav\u00e9s del divertido viaje de una mujer dentro del espejo para realizar su sue\u00f1o m\u00e1s anhelado, se explica y busca crear conciencia sobre el acceso de las mujeres a una vida libre de violencia por medio de la vida de Magnolia, una mujer con baja autoestima que, en compa\u00f1\u00eda de su reflejo, hace un viaje por su historia y las violencias que han atravesado ella y las mujeres de su familia como la patrimonial y econ\u00f3mica, el ciclo de la violencia en una relaci\u00f3n de pareja y el hostigamiento sexual dentro de su \u00e1mbito laboral, entre otras.<\/p>\n<p>Adem\u00e1s, la obra est\u00e1 construida bajo el marco normativo internacional compuesto por la Convenci\u00f3n sobre la Eliminaci\u00f3n de la Violencia de todas las Formas de Discriminaci\u00f3n contra la Mujer, CEDAW; la Cuarta Conferencia Mundial sobre la Mujer y Plataforma de Acci\u00f3n de Beijing y la Convenci\u00f3n Interamericana para Prevenir, Sancionar y Erradicar la Violencia contra la Mujer, Bel\u00e9m Do Par\u00e1 y de manera nacional, por el Programa Nacional para la Igualdad de Oportunidades y No discriminaci\u00f3n contra las Mujeres y la Ley General de Acceso de las Mujeres a una Vida Libre de Violencia.<\/p>\n<p>El colectivo Ellas en Escena busca promover, a trav\u00e9s del teatro, la erradicaci\u00f3n de la violencia de g\u00e9nero contra mujeres, adolescentes y ni\u00f1as, por medio de capacitaciones en sectores p\u00fablicos y privados.<\/p>\n<p>De acuerdo con la Encuesta Nacional sobre la Din\u00e1mica en las Relaciones en los Hogares 2021 (ENDIREH), en M\u00e9xico 7 de cada 10 mujeres ha vivido al menos una situaci\u00f3n de violencia a lo largo de su vida. Adem\u00e1s, la mayor prevalencia de violencia contra las mujeres de 15 a\u00f1os y m\u00e1s se registr\u00f3 en el Estado de M\u00e9xico (78.7%), seguido por la Ciudad de M\u00e9xico y Quer\u00e9taro. A lo largo de la vida, las mujeres experimentan m\u00e1s violencia en el \u00e1mbito comunitario (45.6%), seguido de la relaci\u00f3n de pareja (39,9%), el \u00e1mbito escolar (32.3%) y finalmente, el laboral (27.9%).<\/p>\n<p>La Administraci\u00f3n Universitaria 2021-2025 de la UAEM\u00e9x reitera su pol\u00edtica de cero tolerancia a cualquier tipo de violencia dentro de la comunidad universitaria.<\/p>\n","protected":false},"excerpt":{"rendered":"<p>\u201c\u00bfQu\u00e9 puedes hacer para eliminar la condici\u00f3n de inferioridad que tradicionalmente se asigna a las mujeres y a las ni\u00f1as?\u201d Es la reflexi\u00f3n final de la obra \u00bfQu\u00e9 veo cuando me veo?, del colectivo independiente de teatro Ellas en Escena, presentada en la Facultad de Ciencias Pol\u00edticas y Sociales de la Universidad Aut\u00f3noma del Estado de M\u00e9xico (UAEM\u00e9x).<\/p>\n","protected":false},"author":3,"featured_media":594581,"comment_status":"open","ping_status":"open","sticky":false,"template":"","format":"standard","meta":{"_monsterinsights_skip_tracking":false,"_monsterinsights_sitenote_active":false,"_monsterinsights_sitenote_note":"","_monsterinsights_sitenote_category":0,"footnotes":""},"categories":[5],"tags":[1921,16164,67878,73314],"class_list":["post-594525","post","type-post","status-publish","format-standard","has-post-thumbnail","hentry","category-estado-de-mexico","tag-mujeres","tag-ninas","tag-uaemex","tag-vida-libre"],"_links":{"self":[{"href":"https:\/\/www.diarioimagen.net\/index.php?rest_route=\/wp\/v2\/posts\/594525","targetHints":{"allow":["GET"]}}],"collection":[{"href":"https:\/\/www.diarioimagen.net\/index.php?rest_route=\/wp\/v2\/posts"}],"about":[{"href":"https:\/\/www.diarioimagen.net\/index.php?rest_route=\/wp\/v2\/types\/post"}],"author":[{"embeddable":true,"href":"https:\/\/www.diarioimagen.net\/index.php?rest_route=\/wp\/v2\/users\/3"}],"replies":[{"embeddable":true,"href":"https:\/\/www.diarioimagen.net\/index.php?rest_route=%2Fwp%2Fv2%2Fcomments&post=594525"}],"version-history":[{"count":0,"href":"https:\/\/www.diarioimagen.net\/index.php?rest_route=\/wp\/v2\/posts\/594525\/revisions"}],"wp:featuredmedia":[{"embeddable":true,"href":"https:\/\/www.diarioimagen.net\/index.php?rest_route=\/wp\/v2\/media\/594581"}],"wp:attachment":[{"href":"https:\/\/www.diarioimagen.net\/index.php?rest_route=%2Fwp%2Fv2%2Fmedia&parent=594525"}],"wp:term":[{"taxonomy":"category","embeddable":true,"href":"https:\/\/www.diarioimagen.net\/index.php?rest_route=%2Fwp%2Fv2%2Fcategories&post=594525"},{"taxonomy":"post_tag","embeddable":true,"href":"https:\/\/www.diarioimagen.net\/index.php?rest_route=%2Fwp%2Fv2%2Ftags&post=594525"}],"curies":[{"name":"wp","href":"https:\/\/api.w.org\/{rel}","templated":true}]}}