{"id":594668,"date":"2023-09-05T00:04:25","date_gmt":"2023-09-05T06:04:25","guid":{"rendered":"https:\/\/www.diarioimagen.net\/?p=594668"},"modified":"2023-09-05T00:42:40","modified_gmt":"2023-09-05T06:42:40","slug":"suteym-trabaja-de-la-mano-del-gobierno-palomares-parra","status":"publish","type":"post","link":"https:\/\/www.diarioimagen.net\/?p=594668","title":{"rendered":"SUTEyM trabaja de la mano del gobierno: Palomares Parra"},"content":{"rendered":"<p>&nbsp;<\/p>\n<ul>\n<li><strong><em>En beneficio de las familias naucalpenses<\/em><\/strong><\/li>\n<\/ul>\n<p>&nbsp;<\/p>\n<div id=\"attachment_594743\" style=\"width: 470px\" class=\"wp-caption aligncenter\"><a href=\"https:\/\/www.diarioimagen.net\/?attachment_id=594743\" rel=\"attachment wp-att-594743\"><img loading=\"lazy\" decoding=\"async\" aria-describedby=\"caption-attachment-594743\" class=\"size-full wp-image-594743\" src=\"https:\/\/www.diarioimagen.net\/wp-content\/uploads\/2023\/09\/suteym-trabaja.jpg\" alt=\"\" width=\"460\" height=\"270\" \/><\/a><p id=\"caption-attachment-594743\" class=\"wp-caption-text\">Tom\u00e1s Palomares Parra afirm\u00f3 que el SUTEyM trabaja de la mano con el gobierno en beneficio de las familias naucalpenses.<\/p><\/div>\n<p>&nbsp;<\/p>\n<p><strong>Naucalpan, Estado de M\u00e9xico.\u2014<\/strong> Despu\u00e9s del desastre financiero en que recibi\u00f3 al inicio de su administraci\u00f3n, Ang\u00e9lica Moya Mar\u00edn ha hecho un gran esfuerzo para sacar adelante los trabajos que le corresponden y le ha dado resultados a la ciudadan\u00eda que finalmente nos tiene aqu\u00ed y en ese sentido el SUTEyM, ser\u00e1 coadyuvante y trabaja de la mano, siempre en beneficio de las familias naucalpenses.<\/p>\n<p>Afirm\u00f3 lo anterior Tom\u00e1s Palomares Parra, secretario general de ese gremio sindical en la localidad, luego de destacar que \u201cya podemos hablar de un buen arranque definitivo en la recomposici\u00f3n de los trabajos del municipio; nosotros como sindicato, tambi\u00e9n ya hemos emprendido algunas acciones, como lo son recuperar espacios p\u00fablicos y diversas jornadas encaminadas para favorecer al ciudadano\u201d.<\/p>\n<p>En el marco del 149 aniversario de esa localidad, el l\u00edder sindical asisti\u00f3 como invitado especial y record\u00f3 que no se pod\u00eda hacer mucho cuando dejaron las arcas vac\u00edas, sin embargo y gracias a la buena planeaci\u00f3n financiera emprendida por el gobierno de Moya Mar\u00edn, \u201cva avanzando y sin duda que tendr\u00e1 buenos resultados\u201d, puntualiz\u00f3.<\/p>\n<p>Palomares Parra insisti\u00f3 en se\u00f1alar que \u201cla clase trabajadora perteneciente al SUTEyM, siempre ha sido una pieza fundamental de los trabajos municipales y hoy m\u00e1s que nunca, sabemos que la ciudadan\u00eda cuenta con el apoyo y solidaridad de las familias de este importante municipio\u201d.<\/p>\n<p>Por otra parte, el responsable del gremio sindical en Naucalpan record\u00f3 que \u201ccomo trabajadores siempre hemos actuado con responsabilidad para brindar todos y cada uno de los servicios que leg\u00edtimamente demandan y requieren las y los naucalpenses y en ese tema no daremos ni un paso atr\u00e1s\u201d.<\/p>\n<p>Finalmente, Tom\u00e1s Palomares destac\u00f3 que \u201cnos queda muy claro que la ciudadan\u00eda es nuestro patr\u00f3n y como tal debemos responder a sus exigencias en materia de servicios p\u00fablicos, trabajos que realizamos los 365 d\u00edas del a\u00f1o, llueva o truene\u201d.<\/p>\n","protected":false},"excerpt":{"rendered":"<p>Despu\u00e9s del desastre financiero en que recibi\u00f3 al inicio de su administraci\u00f3n, Ang\u00e9lica Moya Mar\u00edn ha hecho un gran esfuerzo para sacar adelante los trabajos que le corresponden y le ha dado resultados a la ciudadan\u00eda que finalmente nos tiene aqu\u00ed y en ese sentido el SUTEyM, ser\u00e1 coadyuvante y trabaja de la mano, siempre en beneficio de las familias naucalpenses.<\/p>\n","protected":false},"author":3,"featured_media":594743,"comment_status":"open","ping_status":"open","sticky":false,"template":"","format":"standard","meta":{"_monsterinsights_skip_tracking":false,"_monsterinsights_sitenote_active":false,"_monsterinsights_sitenote_note":"","_monsterinsights_sitenote_category":0,"footnotes":""},"categories":[5],"tags":[93139,43675,970],"class_list":["post-594668","post","type-post","status-publish","format-standard","has-post-thumbnail","hentry","category-estado-de-mexico","tag-angelica-moya-marin","tag-estado-de-mexico","tag-naucalpan"],"_links":{"self":[{"href":"https:\/\/www.diarioimagen.net\/index.php?rest_route=\/wp\/v2\/posts\/594668","targetHints":{"allow":["GET"]}}],"collection":[{"href":"https:\/\/www.diarioimagen.net\/index.php?rest_route=\/wp\/v2\/posts"}],"about":[{"href":"https:\/\/www.diarioimagen.net\/index.php?rest_route=\/wp\/v2\/types\/post"}],"author":[{"embeddable":true,"href":"https:\/\/www.diarioimagen.net\/index.php?rest_route=\/wp\/v2\/users\/3"}],"replies":[{"embeddable":true,"href":"https:\/\/www.diarioimagen.net\/index.php?rest_route=%2Fwp%2Fv2%2Fcomments&post=594668"}],"version-history":[{"count":0,"href":"https:\/\/www.diarioimagen.net\/index.php?rest_route=\/wp\/v2\/posts\/594668\/revisions"}],"wp:featuredmedia":[{"embeddable":true,"href":"https:\/\/www.diarioimagen.net\/index.php?rest_route=\/wp\/v2\/media\/594743"}],"wp:attachment":[{"href":"https:\/\/www.diarioimagen.net\/index.php?rest_route=%2Fwp%2Fv2%2Fmedia&parent=594668"}],"wp:term":[{"taxonomy":"category","embeddable":true,"href":"https:\/\/www.diarioimagen.net\/index.php?rest_route=%2Fwp%2Fv2%2Fcategories&post=594668"},{"taxonomy":"post_tag","embeddable":true,"href":"https:\/\/www.diarioimagen.net\/index.php?rest_route=%2Fwp%2Fv2%2Ftags&post=594668"}],"curies":[{"name":"wp","href":"https:\/\/api.w.org\/{rel}","templated":true}]}}