{"id":594686,"date":"2023-09-05T00:04:27","date_gmt":"2023-09-05T06:04:27","guid":{"rendered":"https:\/\/www.diarioimagen.net\/?p=594686"},"modified":"2023-09-04T22:54:26","modified_gmt":"2023-09-05T04:54:26","slug":"lenguaje-carretonero-y-libros-de-texto","status":"publish","type":"post","link":"https:\/\/www.diarioimagen.net\/?p=594686","title":{"rendered":"Lenguaje carretonero y libros de texto"},"content":{"rendered":"<h2>Desde el portal<\/h2>\n<h5>\u00c1ngel Soriano<\/h5>\n<p>&nbsp;<\/p>\n<p>Lamentable futuro les espera a las nuevas generaciones de mexicanos con errores ortogr\u00e1ficos y fechas hist\u00f3ricas en los libros de texto gratuitos -aunque no generalizado- y un lenguaje carretonero impulsado por quienes aspiran a dirigir al pa\u00eds, o ya lo han hecho, que demuestra un serio retroceso en el avance cultural de nuestro pa\u00eds.<\/p>\n<p>Si en un principio el lenguaje de Fox se consider\u00f3 algo novedoso y coloquial al romper con la solemnidad de los Presidentes -y en general de las autoridades-, ha degenerado en lo prosaico y burdo al dirigirse a la Naci\u00f3n, seguido por su correligionaria X\u00f3chitl G\u00e1lvez Ruiz que en nada contribuye a la educaci\u00f3n de la ni\u00f1ez mexicana al denostar a \u201chuevones, rateros y corruptos\u201d.<\/p>\n<p>La sociedad en su conjunto sigue el ejemplo de sus m\u00e1ximos dirigentes, de sus l\u00edderes nacionales y se mimetiza con sus actitudes, sus formas de vestir y de expresarse, pero consideramos que en esta ocasi\u00f3n no son un ejemplo para M\u00e9xico utilizar t\u00e9rminos propios de barriada o de cantinas arrabaleras para dirigirse a otras personas que merecen respeto.<\/p>\n<p>Se trata, desde luego, de banderas pol\u00edticas muy efectivas porque calan en los votantes y el pueblo bueno y sabio los acoge como parte de ellos y eso es v\u00e1lido, pero no desde las m\u00e1ximas tribunas del pa\u00eds para dirigirse no s\u00f3lo a M\u00e9xico, sino a la comunidad internacional que nos ve como un ejemplo a no seguir por la mala educaci\u00f3n y p\u00e9simo lenguaje, no propio para una sociedad civilizada.<\/p>\n<p style=\"text-align: center;\"><strong>TURBULENCIAS<br \/>\nSiguen los ajustes en el gabinete-Sedena<\/strong><\/p>\n<p>El general secretario Luis Crescencio Sandoval Gonz\u00e1lez dio posesi\u00f3n al general Gabriel Garc\u00eda Rinc\u00f3n como nuevo subsecretario, en sustituci\u00f3n de Agust\u00edn Radilla Suastegui que pas\u00f3 a retiro; Garc\u00eda Rinc\u00f3n se desempe\u00f1aba como oficial mayor, en donde ahora lo sustituye Jos\u00e9 Alfredo Gonz\u00e1lez Mart\u00ednez, que estaba a cargo de la comandancia en Puebla; y el general Jaime Gonz\u00e1lez \u00c1valos es el nuevo Inspector y Contralor General del Ej\u00e9rcito y la Fuerza A\u00e9rea, en tanto que el general Oscar David Lozano \u00c1guila es el nuevo titular de Fonatur, en lugar del ex alcalde de Comalcalco, Javier May Rodr\u00edguez, que buscar\u00e1 la candidatura de Morena a la gubernatura de Tabasco. May Rodr\u00edguez estuvo en Bienestar y ha cabildeado en Tabasco su candidatura al margen de la influencia del aspirante presidencial Ad\u00e1n Augusto L\u00f3pez Hern\u00e1ndez. Y este mi\u00e9rcoles el l\u00edder de Morena, Mario Delgado Carrillo, secretario de Finanzas en la \u00e9poca de Marcelo Ebrard, dar\u00e1 a conocer los resultados de la encuesta para elegir al responsable de los Comit\u00e9s de Defensa de la IV-T y virtual candidato (a) presidencial. A Mario Delgado se le empiezan a sacar presuntos malos manejos financieros con Ebrard como jefe de Gobierno capitalino\u2026 Impact\u00f3 la fiesta del 17 cumplea\u00f1os de Natalia Adams, hija de Carolyn Adams, esposa de Jos\u00e9 Ram\u00f3n L\u00f3pez Beltr\u00e1n, no s\u00f3lo por el lujo de la misma, sino por haberse realizado en Culiac\u00e1n, de donde ninguno de los anfitriones de originario y se preguntan cu\u00e1l es el motivo de haber elegido esa sede. O ser\u00e1 que ning\u00fan lugar reun\u00eda los atractivos de la Casona Centenario?&#8230; El presidente de la Jucopo del Congreso de Oaxaca, Luis Alfonso Silva Romo, inici\u00f3 las guardias y honores a la Bandera Nacional en la Alameda de Le\u00f3n, en Oaxaca, al iniciarse el mes patrio, e hizo un llamado a la unidad y a la defensa de la soberan\u00eda nacional, as\u00ed como de la defensa de la IV-T para continuar con los programas sociales en marcha en beneficio de los sectores vulnerables del pa\u00eds, en momentos dif\u00edciles por los que enfrenta la Naci\u00f3n.<\/p>\n<p><u><\/u><u><a href=\"mailto:asorianocarrasco@yahoo.com\" target=\"_blank\" rel=\"noopener noreferrer\"><em>asorianocarrasco@yahoo.com<\/em><\/a><br \/>\n<em><a href=\"https:\/\/revistabrecha.com\" target=\"_blank\" rel=\"noopener noreferrer\">www.revistabrecha.com<\/a><br \/>\n<\/em><\/u><em>facebook oficial <a href=\"https:\/\/es-la.facebook.com\/RevistaBrecha.Oficial\" target=\"_blank\" rel=\"noopener\">@BrechaRevista<\/a><\/em><\/p>\n","protected":false},"excerpt":{"rendered":"<p><span style=\"color: #005497;\"><strong>\u00c1ngel Soriano<\/strong><\/span><\/p>\n","protected":false},"author":3,"featured_media":0,"comment_status":"open","ping_status":"open","sticky":false,"template":"","format":"standard","meta":{"_monsterinsights_skip_tracking":false,"_monsterinsights_sitenote_active":false,"_monsterinsights_sitenote_note":"","_monsterinsights_sitenote_category":0,"footnotes":""},"categories":[135],"tags":[85,86,43674],"class_list":["post-594686","post","type-post","status-publish","format-standard","hentry","category-angel-soriano-opinion","tag-angel-soriano","tag-desde-el-portal","tag-opinion"],"_links":{"self":[{"href":"https:\/\/www.diarioimagen.net\/index.php?rest_route=\/wp\/v2\/posts\/594686","targetHints":{"allow":["GET"]}}],"collection":[{"href":"https:\/\/www.diarioimagen.net\/index.php?rest_route=\/wp\/v2\/posts"}],"about":[{"href":"https:\/\/www.diarioimagen.net\/index.php?rest_route=\/wp\/v2\/types\/post"}],"author":[{"embeddable":true,"href":"https:\/\/www.diarioimagen.net\/index.php?rest_route=\/wp\/v2\/users\/3"}],"replies":[{"embeddable":true,"href":"https:\/\/www.diarioimagen.net\/index.php?rest_route=%2Fwp%2Fv2%2Fcomments&post=594686"}],"version-history":[{"count":0,"href":"https:\/\/www.diarioimagen.net\/index.php?rest_route=\/wp\/v2\/posts\/594686\/revisions"}],"wp:attachment":[{"href":"https:\/\/www.diarioimagen.net\/index.php?rest_route=%2Fwp%2Fv2%2Fmedia&parent=594686"}],"wp:term":[{"taxonomy":"category","embeddable":true,"href":"https:\/\/www.diarioimagen.net\/index.php?rest_route=%2Fwp%2Fv2%2Fcategories&post=594686"},{"taxonomy":"post_tag","embeddable":true,"href":"https:\/\/www.diarioimagen.net\/index.php?rest_route=%2Fwp%2Fv2%2Ftags&post=594686"}],"curies":[{"name":"wp","href":"https:\/\/api.w.org\/{rel}","templated":true}]}}