{"id":594706,"date":"2023-09-05T00:06:26","date_gmt":"2023-09-05T06:06:26","guid":{"rendered":"https:\/\/www.diarioimagen.net\/?p=594706"},"modified":"2023-09-04T23:13:37","modified_gmt":"2023-09-05T05:13:37","slug":"informe-y-oposicion","status":"publish","type":"post","link":"https:\/\/www.diarioimagen.net\/?p=594706","title":{"rendered":"Informe y oposici\u00f3n"},"content":{"rendered":"<h2>Aunque pese<\/h2>\n<h5>Salvador Mart\u00ednez Garc\u00eda<\/h5>\n<p>&nbsp;<\/p>\n<p>Como marca la liturgia pol\u00edtica nacional, el pasado 1 de septiembre se entreg\u00f3 al Congreso de la Uni\u00f3n el V Informe de Gobierno del presidente L\u00f3pez Obrador, quien ofreci\u00f3 un mensaje a la Naci\u00f3n en Campeche, arropado con el respaldo de 23 gobiernos estatales, la mayor\u00eda de los legisladores federales y locales y las simpat\u00edas de m\u00e1s del 60 por ciento de la poblaci\u00f3n del pa\u00eds, de acuerdo con las encuestas.<\/p>\n<p>En tanto, en este, el llamado mes patrio, la oposici\u00f3n integrada en el Frente Amplio por M\u00e9xico (FAM) present\u00f3 formalmente a quien los encabezar\u00e1 en la contienda electoral presidencial en puerta, pero sin el cobijo de la llamada sociedad civil, pues en el Monumento a la Independencia estuvieron s\u00f3lo algunos miles llevados por los partidos PAN, PRI y PRD.<\/p>\n<p>Para completar el cuadro, Morena y sus aliados, PT y PVEM, dar\u00e1n a conocer este mi\u00e9rcoles el nombre de la Coordinadora Nacional para la Defensa de la 4T, porque nadie duda que ser\u00e1 Claudia Sheinbaum Pardo, quien encabece el resultado de las encuestas.<\/p>\n<p>La oligarqu\u00eda ha centrado sus esperanzas en X\u00f3chitl G\u00e1lvez, quien con un discurso enga\u00f1oso quiere erigirse como defensora de causas populares, pero es claro que s\u00f3lo representa al gran capital y a la derecha pol\u00edtica representada por el PAN y el Yunque.<\/p>\n<p>Muestra clara de lo anterior son los nombres conocidos de quienes est\u00e1n armando el programa de gobiernos que se ofrecer\u00e1 en su campa\u00f1a pol\u00edtica electoral, como Jos\u00e9 \u00c1ngel Gurr\u00eda Trevi\u00f1o, el conocido \u201c\u00e1ngel de la dependencia\u201d, en los reg\u00edmenes de Carlos Salinas de Gortari y Ernesto Zedillo Ponce de Le\u00f3n, para posteriormente representar los intereses de los superricos en la Organizaci\u00f3n para la Cooperaci\u00f3n y el Desarrollo Econ\u00f3mico (OCDE) que encabez\u00f3 por 15 a\u00f1os.<\/p>\n<p>Qu\u00e9 decir de Francisco Javier Garc\u00eda Cabeza de Vaca, pr\u00f3fugo de la justicia, a quien han encargado sus pol\u00edticas de seguridad p\u00fablica o el ex presidente Vicente Fox, quien no deja de promoverla y, peor a\u00fan, Ricardo Anaya Cort\u00e9s, quien realmente mueve los hilos en Acci\u00f3n Nacional.<\/p>\n<p>As\u00ed las cosas.<\/p>\n<p style=\"text-align: center;\"><strong>Susurros<\/strong><\/p>\n<p>La presidenta del Instituto Nacional Electoral (INE), Guadalupe Taddei Zavala, no est\u00e1 en todo lo cierto cuando afirma que al organismo a su cargo \u201cno le atribuyamos costo, atribuy\u00e1mosle valor social\u201d.<\/p>\n<p>La realidad es que el INE podr\u00eda cumplir su funci\u00f3n de garantizar elecciones limpias y transparentes, sin necesidad de erogar tantos recursos hasta convertirse en el \u00d3rgano Electoral m\u00e1s caro del mundo, con una demanda de presupuesto para 2024 de 23 mil 757 millones de pesos.<\/p>\n<p>Los consejeros del INE se niegan a reducir sus elevados salarios y sus grandes prestaciones que corren a cargo de los contribuyentes, bien podr\u00edan hacer un esfuerzo y dar muestras de buena voluntad para cumplir con su funci\u00f3n, ciertamente muy importante para la democracia del pa\u00eds.<\/p>\n<p><a href=\"mailto:salvadormartinez@visionmx.com\" target=\"_blank\" rel=\"noopener\"><em>salvadormartinez@visionmx.com<\/em><\/a><br \/>\n<em>Twitter: <a href=\"https:\/\/twitter.com\/salvador_mtz\" target=\"_blank\" rel=\"noopener\">@salvador_mtz<\/a><\/em><\/p>\n","protected":false},"excerpt":{"rendered":"<p><span style=\"color: #005497;\"><strong>Salvador Mart\u00ednez Garc\u00eda<\/strong><\/span><\/p>\n","protected":false},"author":3,"featured_media":0,"comment_status":"open","ping_status":"open","sticky":false,"template":"","format":"standard","meta":{"_monsterinsights_skip_tracking":false,"_monsterinsights_sitenote_active":false,"_monsterinsights_sitenote_note":"","_monsterinsights_sitenote_category":0,"footnotes":""},"categories":[96743],"tags":[96744,43674,96745],"class_list":["post-594706","post","type-post","status-publish","format-standard","hentry","category-salvador-martinez-garcia","tag-aunque-pese","tag-opinion","tag-salvador-martinez-garcia"],"_links":{"self":[{"href":"https:\/\/www.diarioimagen.net\/index.php?rest_route=\/wp\/v2\/posts\/594706","targetHints":{"allow":["GET"]}}],"collection":[{"href":"https:\/\/www.diarioimagen.net\/index.php?rest_route=\/wp\/v2\/posts"}],"about":[{"href":"https:\/\/www.diarioimagen.net\/index.php?rest_route=\/wp\/v2\/types\/post"}],"author":[{"embeddable":true,"href":"https:\/\/www.diarioimagen.net\/index.php?rest_route=\/wp\/v2\/users\/3"}],"replies":[{"embeddable":true,"href":"https:\/\/www.diarioimagen.net\/index.php?rest_route=%2Fwp%2Fv2%2Fcomments&post=594706"}],"version-history":[{"count":0,"href":"https:\/\/www.diarioimagen.net\/index.php?rest_route=\/wp\/v2\/posts\/594706\/revisions"}],"wp:attachment":[{"href":"https:\/\/www.diarioimagen.net\/index.php?rest_route=%2Fwp%2Fv2%2Fmedia&parent=594706"}],"wp:term":[{"taxonomy":"category","embeddable":true,"href":"https:\/\/www.diarioimagen.net\/index.php?rest_route=%2Fwp%2Fv2%2Fcategories&post=594706"},{"taxonomy":"post_tag","embeddable":true,"href":"https:\/\/www.diarioimagen.net\/index.php?rest_route=%2Fwp%2Fv2%2Ftags&post=594706"}],"curies":[{"name":"wp","href":"https:\/\/api.w.org\/{rel}","templated":true}]}}