{"id":594789,"date":"2023-09-06T00:05:06","date_gmt":"2023-09-06T06:05:06","guid":{"rendered":"https:\/\/www.diarioimagen.net\/?p=594789"},"modified":"2023-09-07T02:41:11","modified_gmt":"2023-09-07T08:41:11","slug":"uaemex-teje-lazos-internacionales-con-polonia-a-traves-de-la-investigacion","status":"publish","type":"post","link":"https:\/\/www.diarioimagen.net\/?p=594789","title":{"rendered":"UAEM\u00e9x teje lazos internacionales con Polonia, a trav\u00e9s de la investigaci\u00f3n"},"content":{"rendered":"<p>&nbsp;<\/p>\n<div id=\"attachment_594849\" style=\"width: 470px\" class=\"wp-caption aligncenter\"><a href=\"https:\/\/www.diarioimagen.net\/?attachment_id=594849\" rel=\"attachment wp-att-594849\"><img loading=\"lazy\" decoding=\"async\" aria-describedby=\"caption-attachment-594849\" class=\"size-full wp-image-594849\" src=\"https:\/\/www.diarioimagen.net\/wp-content\/uploads\/2023\/09\/uaem-teje-lazos.jpg\" alt=\"\" width=\"460\" height=\"270\" \/><\/a><p id=\"caption-attachment-594849\" class=\"wp-caption-text\">La secretaria de Investigaci\u00f3n y Estudios Avanzados, Martha Patricia Zarza Delgado, enfatiz\u00f3 que a lo largo de 44 a\u00f1os de vinculaci\u00f3n formal e ininterrumpida entre la Aut\u00f3noma mexiquense y la Universidad de Varsovia los resultados del convenio han sido amplios y significativos.<\/p><\/div>\n<p>&nbsp;<\/p>\n<p><strong>Toluca, Estado de M\u00e9xico.\u2014<\/strong> La educaci\u00f3n superior es uno de los eslabones principales para propiciar v\u00ednculos con el fin de alcanzar metas cient\u00edficas, particularmente mediante acuerdos de colaboraci\u00f3n acad\u00e9mica entre universidades apunt\u00f3, en representaci\u00f3n del rector de la Universidad Aut\u00f3noma del Estado de M\u00e9xico, Carlos Eduardo Barrera D\u00edaz, la secretaria de Investigaci\u00f3n y Estudios Avanzados, Martha Patricia Zarza Delgado, al inaugurar el XXIII Simposio Mexicano-Polaco: Ordenaci\u00f3n y planeaci\u00f3n territorial sustentable. Revisi\u00f3n y acciones urgentes ambientales y socioecon\u00f3micas.<\/p>\n<p>\u201cEstos lazos de colaboraci\u00f3n acad\u00e9mica internacional han significado una conjunci\u00f3n del conocimiento para la comprensi\u00f3n de realidades en las que confluyen epistemolog\u00edas, postulados te\u00f3ricos, metodolog\u00edas e innovaciones tecnol\u00f3gicas, con el objetivo de atender problemas de investigaci\u00f3n comunes\u201d, abund\u00f3.<\/p>\n<p>Zarza Delgado enfatiz\u00f3 que a lo largo de 44 a\u00f1os de vinculaci\u00f3n formal e ininterrumpida entre la Aut\u00f3noma mexiquense y la Universidad de Varsovia, Polonia, los resultados han sido amplios y significativos que se materializan en redes de investigaci\u00f3n, publicaciones, movilidad acad\u00e9mica, donaciones de acervo bibliogr\u00e1fico\u00a0 y\u00a0 equipo de meteorolog\u00eda.<\/p>\n<p>En este mismo sentido, el representante personal del rector de la Universidad de Varsovia y\u00a0 decano de la Facultad de Geograf\u00eda y Estudios Regionales, Maciej Jedrusik, agradeci\u00f3 a la M\u00e1xima Casa de Estudios mexiquense por la cooperaci\u00f3n entre ambas universidades, ya que este simposio coincide con el aniversario del establecimiento de las relaciones diplom\u00e1ticas entre Polonia y M\u00e9xico.<\/p>\n<p>Durante su intervenci\u00f3n, el director de la Facultad de Geograf\u00eda, Rodrigo Huitron Rodr\u00edguez, afirm\u00f3 que a lo largo de cuatro d\u00e9cadas se han tejido puentes de conocimiento, amistad y cooperaci\u00f3n que han enriquecido las diversas disciplinas que forman parte del simposio y fortalecido a ambas instituciones a trav\u00e9s del trabajo conjunto.<\/p>\n<p>Por su parte, la investigadora de la Facultad de Geograf\u00eda, Marcela Virginia Santana Juar\u00e9z, explic\u00f3 que la vinculaci\u00f3n acad\u00e9mica entre la Facultad de Geograf\u00eda y la Facultad de Planeaci\u00f3n Urbana y Regional de la UAEM\u00e9x y la Facultad de Geograf\u00eda y Estudios Regionales de la Universidad de Varsovia data de 1975 y desde ese entonces se estableci\u00f3 un intercambio acad\u00e9mico ininterrumpido que ha incidido en la docencia, la investigaci\u00f3n y en la formaci\u00f3n de recursos humanos a trav\u00e9s del trabajo colaborativo.<\/p>\n<p>Para dar inicio a los trabajos se dict\u00f3 la conferencia \u201cGeograf\u00eda frente a los problemas globales\u201d por parte de la investigadora Miroslawa Czerny, quien ha contribuido a la investigaci\u00f3n bilateral entre M\u00e9xico y Polonia.<\/p>\n<p>Para conocer las actividades del XXIII Simposio Mexicano-Polaco: Ordenaci\u00f3n y planeaci\u00f3n territorial sustentable. Revisi\u00f3n y acciones urgentes ambientales y socioecon\u00f3micas, las y los interesados pueden consultar el sitio <em>https:\/\/www.facebook.com\/DifusionFacultadGeografia.<\/em><\/p>\n","protected":false},"excerpt":{"rendered":"<p>a educaci\u00f3n superior es uno de los eslabones principales para propiciar v\u00ednculos con el fin de alcanzar metas cient\u00edficas, particularmente mediante acuerdos de colaboraci\u00f3n acad\u00e9mica entre universidades apunt\u00f3, en representaci\u00f3n del rector de la Universidad Aut\u00f3noma del Estado de M\u00e9xico, Carlos Eduardo Barrera D\u00edaz, la secretaria de Investigaci\u00f3n y Estudios Avanzados, Martha Patricia Zarza Delgado, al inaugurar el XXIII Simposio Mexicano-Polaco: Ordenaci\u00f3n y planeaci\u00f3n territorial sustentable. Revisi\u00f3n y acciones urgentes ambientales y socioecon\u00f3micas.<\/p>\n","protected":false},"author":3,"featured_media":594849,"comment_status":"open","ping_status":"open","sticky":false,"template":"","format":"standard","meta":{"_monsterinsights_skip_tracking":false,"_monsterinsights_sitenote_active":false,"_monsterinsights_sitenote_note":"","_monsterinsights_sitenote_category":0,"footnotes":""},"categories":[5],"tags":[979,4910,67878],"class_list":["post-594789","post","type-post","status-publish","format-standard","has-post-thumbnail","hentry","category-estado-de-mexico","tag-investigacion","tag-polonia","tag-uaemex"],"_links":{"self":[{"href":"https:\/\/www.diarioimagen.net\/index.php?rest_route=\/wp\/v2\/posts\/594789","targetHints":{"allow":["GET"]}}],"collection":[{"href":"https:\/\/www.diarioimagen.net\/index.php?rest_route=\/wp\/v2\/posts"}],"about":[{"href":"https:\/\/www.diarioimagen.net\/index.php?rest_route=\/wp\/v2\/types\/post"}],"author":[{"embeddable":true,"href":"https:\/\/www.diarioimagen.net\/index.php?rest_route=\/wp\/v2\/users\/3"}],"replies":[{"embeddable":true,"href":"https:\/\/www.diarioimagen.net\/index.php?rest_route=%2Fwp%2Fv2%2Fcomments&post=594789"}],"version-history":[{"count":0,"href":"https:\/\/www.diarioimagen.net\/index.php?rest_route=\/wp\/v2\/posts\/594789\/revisions"}],"wp:featuredmedia":[{"embeddable":true,"href":"https:\/\/www.diarioimagen.net\/index.php?rest_route=\/wp\/v2\/media\/594849"}],"wp:attachment":[{"href":"https:\/\/www.diarioimagen.net\/index.php?rest_route=%2Fwp%2Fv2%2Fmedia&parent=594789"}],"wp:term":[{"taxonomy":"category","embeddable":true,"href":"https:\/\/www.diarioimagen.net\/index.php?rest_route=%2Fwp%2Fv2%2Fcategories&post=594789"},{"taxonomy":"post_tag","embeddable":true,"href":"https:\/\/www.diarioimagen.net\/index.php?rest_route=%2Fwp%2Fv2%2Ftags&post=594789"}],"curies":[{"name":"wp","href":"https:\/\/api.w.org\/{rel}","templated":true}]}}