{"id":594795,"date":"2023-09-06T00:02:49","date_gmt":"2023-09-06T06:02:49","guid":{"rendered":"https:\/\/www.diarioimagen.net\/?p=594795"},"modified":"2023-09-06T01:54:51","modified_gmt":"2023-09-06T07:54:51","slug":"sera-objetivo-el-analisis-del-informe-del-mexiquense-afirma-elias-rescala","status":"publish","type":"post","link":"https:\/\/www.diarioimagen.net\/?p=594795","title":{"rendered":"Ser\u00e1 objetivo el an\u00e1lisis del informe del mexiquense, afirma El\u00edas Rescala"},"content":{"rendered":"<p>&nbsp;<\/p>\n<ul>\n<li><em><strong>En el Congreso mexiquense<\/strong><\/em><\/li>\n<\/ul>\n<p><strong>\u00a0<\/strong><\/p>\n<h6>Arturo Baena<\/h6>\n<p>&nbsp;<\/p>\n<div id=\"attachment_594869\" style=\"width: 470px\" class=\"wp-caption aligncenter\"><a href=\"https:\/\/www.diarioimagen.net\/?attachment_id=594869\" rel=\"attachment wp-att-594869\"><img loading=\"lazy\" decoding=\"async\" aria-describedby=\"caption-attachment-594869\" class=\"size-full wp-image-594869\" src=\"https:\/\/www.diarioimagen.net\/wp-content\/uploads\/2023\/09\/sera-objetivo.jpg\" alt=\"\" width=\"460\" height=\"270\" \/><\/a><p id=\"caption-attachment-594869\" class=\"wp-caption-text\">El diputado El\u00edas Rescala Jim\u00e9nez, presidente de la Jucopo, encabez\u00f3 la ceremonia de entrega-recepci\u00f3n del sexto y \u00faltimo informe del gobernador Alfredo Del Mazo Maza.<\/p><\/div>\n<p>&nbsp;<\/p>\n<p><strong>Toluca, Estado de M\u00e9xico.\u2014<\/strong> El Congreso del Estado de M\u00e9xico realizar\u00e1 un an\u00e1lisis y balance objetivo, de cara a la sociedad, de los resultados de la administraci\u00f3n que encabeza Alfredo del Mazo y que concluye en los pr\u00f3ximos d\u00edas, sostuvo el diputado El\u00edas Rescala Jim\u00e9nez, presidente de la Junta de Coordinaci\u00f3n Pol\u00edtica, al encabezar la entrega-recepci\u00f3n del sexto y \u00faltimo informe del gobernador Alfredo del Mazo Maza, por parte del secretario General de Gobierno, Luis Felipe Puente Espinosa.<\/p>\n<p>En el sal\u00f3n Benito Ju\u00e1rez, de la sede legislativa, participaron tambi\u00e9n en la recepci\u00f3n del \u00faltimo informe de la actual administraci\u00f3n, la diputada Mar\u00eda Luisa Mendoza Mondrag\u00f3n (PVEM), presidenta de la Diputaci\u00f3n Permanente, as\u00ed como los coordinadores parlamentarios e integrantes de la Jucopo, diputados Maurilio Hern\u00e1ndez Gonz\u00e1lez (Morena) y Enrique Vargas del Villar (PAN); vicepresidentes; Sergio Garc\u00eda Sosa (PT), secretario; y los vocales Omar Ortega \u00c1lvarez (PRD) y Mart\u00edn Zepeda Hern\u00e1ndez (MC).<\/p>\n<p>En su momento, la diputada Mar\u00eda Luisa Mendoza sostuvo que, en un Estado democr\u00e1tico como el nuestro, es un imperativo la rendici\u00f3n de cuentas y la transparencia en el ejercicio de las funciones p\u00fablicas, lo que permite dar a conocer el desempe\u00f1o de la encomienda para la valoraci\u00f3n de las y los gobernados, origen y destino del servicio p\u00fablico.<\/p>\n<p>Al destacar que la recepci\u00f3n del informe da cumplimiento a lo se\u00f1alado en la Constituci\u00f3n Pol\u00edtica estatal y en la Ley Org\u00e1nica del Poder Legislativo y que se programar\u00e1 para su an\u00e1lisis en sesi\u00f3n plenaria, sostuvo que las y los diputados actuar\u00e1n siempre con apego a la ley y con el mayor cuidado y responsabilidad priorizando el inter\u00e9s general del pueblo mexiquense.<\/p>\n<p>Finalmente, el secretario Luis Felipe Puente reconoci\u00f3 a la Legislatura por la incansable labor que realizan en favor de un ejercicio eficaz y transparente de los recursos p\u00fablicos observando criterios de econom\u00eda y honradez en un sistema democr\u00e1tico maduro como el mexiquense.<\/p>\n","protected":false},"excerpt":{"rendered":"<p>El Congreso del Estado de M\u00e9xico realizar\u00e1 un an\u00e1lisis y balance objetivo, de cara a la sociedad, de los resultados de la administraci\u00f3n que encabeza Alfredo del Mazo y que concluye en los pr\u00f3ximos d\u00edas, sostuvo el diputado El\u00edas Rescala Jim\u00e9nez, presidente de la Junta de Coordinaci\u00f3n Pol\u00edtica, al encabezar la entrega-recepci\u00f3n del sexto y \u00faltimo informe del gobernador Alfredo del Mazo Maza, por parte del secretario General de Gobierno, Luis Felipe Puente Espinosa.<\/p>\n","protected":false},"author":3,"featured_media":594869,"comment_status":"open","ping_status":"open","sticky":false,"template":"","format":"standard","meta":{"_monsterinsights_skip_tracking":false,"_monsterinsights_sitenote_active":false,"_monsterinsights_sitenote_note":"","_monsterinsights_sitenote_category":0,"footnotes":""},"categories":[5],"tags":[43675,277,1416,452],"class_list":["post-594795","post","type-post","status-publish","format-standard","has-post-thumbnail","hentry","category-estado-de-mexico","tag-estado-de-mexico","tag-mexiquense","tag-pvem","tag-toluca"],"_links":{"self":[{"href":"https:\/\/www.diarioimagen.net\/index.php?rest_route=\/wp\/v2\/posts\/594795","targetHints":{"allow":["GET"]}}],"collection":[{"href":"https:\/\/www.diarioimagen.net\/index.php?rest_route=\/wp\/v2\/posts"}],"about":[{"href":"https:\/\/www.diarioimagen.net\/index.php?rest_route=\/wp\/v2\/types\/post"}],"author":[{"embeddable":true,"href":"https:\/\/www.diarioimagen.net\/index.php?rest_route=\/wp\/v2\/users\/3"}],"replies":[{"embeddable":true,"href":"https:\/\/www.diarioimagen.net\/index.php?rest_route=%2Fwp%2Fv2%2Fcomments&post=594795"}],"version-history":[{"count":0,"href":"https:\/\/www.diarioimagen.net\/index.php?rest_route=\/wp\/v2\/posts\/594795\/revisions"}],"wp:featuredmedia":[{"embeddable":true,"href":"https:\/\/www.diarioimagen.net\/index.php?rest_route=\/wp\/v2\/media\/594869"}],"wp:attachment":[{"href":"https:\/\/www.diarioimagen.net\/index.php?rest_route=%2Fwp%2Fv2%2Fmedia&parent=594795"}],"wp:term":[{"taxonomy":"category","embeddable":true,"href":"https:\/\/www.diarioimagen.net\/index.php?rest_route=%2Fwp%2Fv2%2Fcategories&post=594795"},{"taxonomy":"post_tag","embeddable":true,"href":"https:\/\/www.diarioimagen.net\/index.php?rest_route=%2Fwp%2Fv2%2Ftags&post=594795"}],"curies":[{"name":"wp","href":"https:\/\/api.w.org\/{rel}","templated":true}]}}