{"id":594798,"date":"2023-09-06T00:01:51","date_gmt":"2023-09-06T06:01:51","guid":{"rendered":"https:\/\/www.diarioimagen.net\/?p=594798"},"modified":"2023-09-06T01:55:32","modified_gmt":"2023-09-06T07:55:32","slug":"asiste-el-presidente-lopez-obrador-al-sexto-informe-de-alfredo-del-mazo","status":"publish","type":"post","link":"https:\/\/www.diarioimagen.net\/?p=594798","title":{"rendered":"Asiste el presidente L\u00f3pez Obrador al sexto informe de Alfredo Del Mazo"},"content":{"rendered":"<p>&nbsp;<\/p>\n<ul>\n<li><em><strong>Destaca logros en seguridad<\/strong><\/em><\/li>\n<\/ul>\n<p><strong>\u00a0<\/strong><\/p>\n<h6>Arturo Baena<\/h6>\n<p>&nbsp;<\/p>\n<div id=\"attachment_594871\" style=\"width: 470px\" class=\"wp-caption aligncenter\"><a href=\"https:\/\/www.diarioimagen.net\/?attachment_id=594871\" rel=\"attachment wp-att-594871\"><img loading=\"lazy\" decoding=\"async\" aria-describedby=\"caption-attachment-594871\" class=\"size-full wp-image-594871\" src=\"https:\/\/www.diarioimagen.net\/wp-content\/uploads\/2023\/09\/asiste-presidente.jpg\" alt=\"\" width=\"460\" height=\"270\" \/><\/a><p id=\"caption-attachment-594871\" class=\"wp-caption-text\">El presidente Andr\u00e9s Manuel L\u00f3pez Obrador asisti\u00f3 al Sexto Informe de Resultados del gobernador Alfredo Del Mazo.<\/p><\/div>\n<p>&nbsp;<\/p>\n<p><strong>Toluca, Estado de M\u00e9xico.\u2014<\/strong> Al rendir su Sexto Informe de Resultados, el gobernador Alfredo Del Mazo Maza enfatiz\u00f3 los logros que su administraci\u00f3n deja como legado para que la sociedad mexiquense cuente con mayor seguridad, producto de estrategias como una polic\u00eda mejor equipada y capacitada, tecnolog\u00eda y operativos coordinados con los tres \u00f3rdenes de gobierno y el perfeccionamiento de las labores de inteligencia, entre otras.<\/p>\n<p>En el Patio Central del Palacio de Gobierno, donde estuvo presente el presidente Andr\u00e9s Manuel L\u00f3pez Obrador y Delfina G\u00f3mez \u00c1lvarez, gobernadora electa del Edomex, el jefe del Ejecutivo estatal puntualiz\u00f3 que, en respuesta a la confianza ciudadana y con visi\u00f3n de largo plazo, su administraci\u00f3n cre\u00f3 la Secretar\u00eda de Seguridad, cuyos resultados van de la mano con su profesionalizaci\u00f3n y robustecimiento tecnol\u00f3gico.<\/p>\n<p>Adem\u00e1s, en su sexenio el presupuesto estatal de seguridad y justicia tuvo un crecimiento anual de casi 50 por ciento, los sueldos policiales de primer escalaf\u00f3n aumentaron en un promedio 43 por ciento y se incorporaron m\u00e1s de 4 mil 200 elementos a la Polic\u00eda Estatal y se entregaron m\u00e1s de 500 veh\u00edculos para incrementar en 20 por ciento el parque vehicular de dicha secretar\u00eda.<\/p>\n<p>\u201cLos tres \u00f3rdenes de gobierno unimos esfuerzos para garantizar la seguridad y la tranquilidad de las familias. Con visi\u00f3n de largo plazo creamos la Secretar\u00eda de Seguridad, cuyos resultados van de la mano con su profesionalizaci\u00f3n y robustecimiento tecnol\u00f3gico, as\u00ed como con el perfeccionamiento de las labores de inteligencia.<\/p>\n<p>\u201cEn seis a\u00f1os, el presupuesto estatal de seguridad y justicia tuvo un crecimiento anual de casi 50 por ciento. Aumentamos los sueldos policiales de primer escalaf\u00f3n en un promedio de 43 por ciento, incorporamos a m\u00e1s de 4 mil 200 elementos a la Polic\u00eda Estatal, y entregamos m\u00e1s de 500 veh\u00edculos para incrementar en 20 por ciento el parque vehicular de la Secretar\u00eda de Seguridad.<\/p>\n<p>\u201cCreamos la Universidad Mexiquense de Seguridad que ha capacitado a m\u00e1s de 60 mil elementos de la Secretar\u00eda de Seguridad, de la Fiscal\u00eda General de Justicia del estado y de las Polic\u00edas Municipales. Si bien los desaf\u00edos contin\u00faan, en seis a\u00f1os la estrategia de seguridad contribuy\u00f3 a disminuir los delitos de alto impacto en 30 por ciento\u201d, puntualiz\u00f3.<\/p>\n","protected":false},"excerpt":{"rendered":"<p>Al rendir su Sexto Informe de Resultados, el gobernador Alfredo Del Mazo Maza enfatiz\u00f3 los logros que su administraci\u00f3n deja como legado para que la sociedad mexiquense cuente con mayor seguridad, producto de estrategias como una polic\u00eda mejor equipada y capacitada, tecnolog\u00eda y operativos coordinados con los tres \u00f3rdenes de gobierno y el perfeccionamiento de las labores de inteligencia, entre otras.<\/p>\n","protected":false},"author":3,"featured_media":594871,"comment_status":"open","ping_status":"open","sticky":false,"template":"","format":"standard","meta":{"_monsterinsights_skip_tracking":false,"_monsterinsights_sitenote_active":false,"_monsterinsights_sitenote_note":"","_monsterinsights_sitenote_category":0,"footnotes":""},"categories":[5],"tags":[2505,62918],"class_list":["post-594798","post","type-post","status-publish","format-standard","has-post-thumbnail","hentry","category-estado-de-mexico","tag-alfredo-del-mazo-maza","tag-sexto-informe"],"_links":{"self":[{"href":"https:\/\/www.diarioimagen.net\/index.php?rest_route=\/wp\/v2\/posts\/594798","targetHints":{"allow":["GET"]}}],"collection":[{"href":"https:\/\/www.diarioimagen.net\/index.php?rest_route=\/wp\/v2\/posts"}],"about":[{"href":"https:\/\/www.diarioimagen.net\/index.php?rest_route=\/wp\/v2\/types\/post"}],"author":[{"embeddable":true,"href":"https:\/\/www.diarioimagen.net\/index.php?rest_route=\/wp\/v2\/users\/3"}],"replies":[{"embeddable":true,"href":"https:\/\/www.diarioimagen.net\/index.php?rest_route=%2Fwp%2Fv2%2Fcomments&post=594798"}],"version-history":[{"count":0,"href":"https:\/\/www.diarioimagen.net\/index.php?rest_route=\/wp\/v2\/posts\/594798\/revisions"}],"wp:featuredmedia":[{"embeddable":true,"href":"https:\/\/www.diarioimagen.net\/index.php?rest_route=\/wp\/v2\/media\/594871"}],"wp:attachment":[{"href":"https:\/\/www.diarioimagen.net\/index.php?rest_route=%2Fwp%2Fv2%2Fmedia&parent=594798"}],"wp:term":[{"taxonomy":"category","embeddable":true,"href":"https:\/\/www.diarioimagen.net\/index.php?rest_route=%2Fwp%2Fv2%2Fcategories&post=594798"},{"taxonomy":"post_tag","embeddable":true,"href":"https:\/\/www.diarioimagen.net\/index.php?rest_route=%2Fwp%2Fv2%2Ftags&post=594798"}],"curies":[{"name":"wp","href":"https:\/\/api.w.org\/{rel}","templated":true}]}}