{"id":594801,"date":"2023-09-06T00:03:18","date_gmt":"2023-09-06T06:03:18","guid":{"rendered":"https:\/\/www.diarioimagen.net\/?p=594801"},"modified":"2023-09-06T01:54:07","modified_gmt":"2023-09-06T07:54:07","slug":"entregan-maquinaria-y-herramientas-a-servicios-publicos-de-cuautitlan-izcalli","status":"publish","type":"post","link":"https:\/\/www.diarioimagen.net\/?p=594801","title":{"rendered":"Entregan maquinaria y herramientas a Servicios P\u00fablicos de Cuautitl\u00e1n Izcalli"},"content":{"rendered":"<p>&nbsp;<\/p>\n<p><a href=\"https:\/\/www.diarioimagen.net\/?attachment_id=594867\" rel=\"attachment wp-att-594867\"><img loading=\"lazy\" decoding=\"async\" class=\"aligncenter size-full wp-image-594867\" src=\"https:\/\/www.diarioimagen.net\/wp-content\/uploads\/2023\/09\/entregan-maquinaria.jpg\" alt=\"\" width=\"460\" height=\"270\" \/><\/a><\/p>\n<p>&nbsp;<\/p>\n<p><strong>Cuautitl\u00e1n Izcalli, Estado de M\u00e9xico.\u2014 <\/strong>En un importante acto de inversi\u00f3n para la mejora de servicios, la presidenta municipal Karla Fiesco Garc\u00eda hizo la entrega de valiosa herramienta y maquinaria a la Direcci\u00f3n de Servicios P\u00fablicos en el \u201cD\u00eda Ciudadano\u201d del pasado viernes, que se llev\u00f3 a cabo en la colonia Lomas del Bosque.<\/p>\n<p>Entre Los materiales entregados destacan las motobombas, cortasetos, motosierras, escaleras, lazos plastificados, cuchillas cortas, desmalezadoras, rastrillos, carretillas, palas carboneras, machetes, escobas rectas met\u00e1licas y palas cuadradas. Dichas herramientas y maquinarias superan la inversi\u00f3n de los nueve millones de pesos.<\/p>\n","protected":false},"excerpt":{"rendered":"<p>En un importante acto de inversi\u00f3n para la mejora de servicios, la presidenta municipal Karla Fiesco Garc\u00eda hizo la entrega de valiosa herramienta y maquinaria a la Direcci\u00f3n de Servicios P\u00fablicos en el \u201cD\u00eda Ciudadano\u201d del pasado viernes, que se llev\u00f3 a cabo en la colonia Lomas del Bosque.<\/p>\n","protected":false},"author":3,"featured_media":594867,"comment_status":"open","ping_status":"open","sticky":false,"template":"","format":"standard","meta":{"_monsterinsights_skip_tracking":false,"_monsterinsights_sitenote_active":false,"_monsterinsights_sitenote_note":"","_monsterinsights_sitenote_category":0,"footnotes":""},"categories":[5],"tags":[98175,98555],"class_list":["post-594801","post","type-post","status-publish","format-standard","has-post-thumbnail","hentry","category-estado-de-mexico","tag-dia-ciudadano","tag-lomas-del-bosque"],"_links":{"self":[{"href":"https:\/\/www.diarioimagen.net\/index.php?rest_route=\/wp\/v2\/posts\/594801","targetHints":{"allow":["GET"]}}],"collection":[{"href":"https:\/\/www.diarioimagen.net\/index.php?rest_route=\/wp\/v2\/posts"}],"about":[{"href":"https:\/\/www.diarioimagen.net\/index.php?rest_route=\/wp\/v2\/types\/post"}],"author":[{"embeddable":true,"href":"https:\/\/www.diarioimagen.net\/index.php?rest_route=\/wp\/v2\/users\/3"}],"replies":[{"embeddable":true,"href":"https:\/\/www.diarioimagen.net\/index.php?rest_route=%2Fwp%2Fv2%2Fcomments&post=594801"}],"version-history":[{"count":0,"href":"https:\/\/www.diarioimagen.net\/index.php?rest_route=\/wp\/v2\/posts\/594801\/revisions"}],"wp:featuredmedia":[{"embeddable":true,"href":"https:\/\/www.diarioimagen.net\/index.php?rest_route=\/wp\/v2\/media\/594867"}],"wp:attachment":[{"href":"https:\/\/www.diarioimagen.net\/index.php?rest_route=%2Fwp%2Fv2%2Fmedia&parent=594801"}],"wp:term":[{"taxonomy":"category","embeddable":true,"href":"https:\/\/www.diarioimagen.net\/index.php?rest_route=%2Fwp%2Fv2%2Fcategories&post=594801"},{"taxonomy":"post_tag","embeddable":true,"href":"https:\/\/www.diarioimagen.net\/index.php?rest_route=%2Fwp%2Fv2%2Ftags&post=594801"}],"curies":[{"name":"wp","href":"https:\/\/api.w.org\/{rel}","templated":true}]}}