{"id":594953,"date":"2023-09-07T00:02:15","date_gmt":"2023-09-07T06:02:15","guid":{"rendered":"https:\/\/www.diarioimagen.net\/?p=594953"},"modified":"2023-09-07T02:58:13","modified_gmt":"2023-09-07T08:58:13","slug":"pide-el-diputado-max-correa-libertad-para-personas-presas-injustamente-en-edomex","status":"publish","type":"post","link":"https:\/\/www.diarioimagen.net\/?p=594953","title":{"rendered":"Pide el diputado Max Correa libertad para personas presas injustamente en Edomex"},"content":{"rendered":"<p>&nbsp;<\/p>\n<ul>\n<li><em><strong>Solicitudes de amnist\u00eda<\/strong><\/em><\/li>\n<\/ul>\n<p>&nbsp;<\/p>\n<div id=\"attachment_595036\" style=\"width: 470px\" class=\"wp-caption aligncenter\"><a href=\"https:\/\/www.diarioimagen.net\/?attachment_id=595036\" rel=\"attachment wp-att-595036\"><img loading=\"lazy\" decoding=\"async\" aria-describedby=\"caption-attachment-595036\" class=\"size-full wp-image-595036\" src=\"https:\/\/www.diarioimagen.net\/wp-content\/uploads\/2023\/09\/pide-diputado.jpg\" alt=\"\" width=\"460\" height=\"270\" \/><\/a><p id=\"caption-attachment-595036\" class=\"wp-caption-text\">El diputado Max Correa escuch\u00f3 a familias de las personas injustamente presas que, desde hace varias semanas, se mantienen en plant\u00f3n afuera del Palacio de Gobierno.<\/p><\/div>\n<p>&nbsp;<\/p>\n<p><strong>Tlalnepantla, Estado de M\u00e9xico.\u2014<\/strong> El diputado Max Correa Hern\u00e1ndez, confi\u00f3 en el gobernador Alfredo del Mazo Maza para que tome en sus manos el estandarte de la libertad como lo hizo Miguel Hidalgo y Costilla y otorgue la libertad a las personas injustamente presas en el Estado de M\u00e9xico.<\/p>\n<p>\u201cTenemos que apelar a su condici\u00f3n que hoy confes\u00f3 como creyente de Dios y la Virgen, y a su sensibilidad humana para hacer justicia. La ley le permite aplicar el indulto para hacer justicia a los injustamente presos. A\u00fan tiene tiempo para hacerlo\u201d.<\/p>\n<p>En ese sentido, el proponente de la Ley de Amnist\u00eda en el Estado de M\u00e9xico expres\u00f3 sus respetos a las familias de las personas injustamente presas que, desde hace varias semanas, se mantienen en plant\u00f3n afuera del Palacio de Gobierno para exigir ser escuchadas por el gobernador.<\/p>\n<p>\u201cEst\u00e1n resistiendo en las peores condiciones. Ya antes hab\u00edan hecho una huelga de hambre y las instituciones y el Estado les ofrecieron di\u00e1logo y un mecanismo para encontrar justicia, pero no fue as\u00ed. Les suspendieron ese espacio con el Poder Judicial, la Fiscal\u00eda estatal, el Poder Ejecutivo, la Comisi\u00f3n de Derechos Humanos del estado, incluso con la Legislatura mexiquense\u201d.<\/p>\n<p>El tambi\u00e9n presidente de la Comisi\u00f3n de Asuntos Metropolitanos del Congreso del Estado de M\u00e9xico advirti\u00f3 que para construir justicia con dignidad y paz en \u00a0la entidad, se debe restablecer el di\u00e1logo para que las personas que son criminalizadas por ser pobres no tengan que recurrir a expresiones extremas como las que hemos tenido estos d\u00edas.<\/p>\n<p>Conf\u00edo en que se abra nuevamente el espacio, y se den las condiciones para retomar el di\u00e1logo, no s\u00f3lo con el gobernador, tambi\u00e9n con el Poder Judicial, la Legislatura y la CODHEM, \u201cy de esta forma encontrar alternativas de atenci\u00f3n y soluci\u00f3n a las justas demandas que no han sido escuchadas al momento\u201d.<\/p>\n<p>Max Correa record\u00f3 que durante la pasada legislatura mexiquense se recibieron alrededor de 700 solicitudes de amnist\u00eda por delitos de alto impacto, mientras que las solicitudes de delitos de fuero com\u00fan se tramitaron casi de manera directa con el Poder Judicial.<\/p>\n<p>\u201cEste tema es una asignatura pendiente del Estado de M\u00e9xico y, en los casos de delitos de alto impacto, tenemos un retraso, por lo que la Legislatura y el Poder Judicial tienen que encontrar un mecanismo que permita atenderlos\u201d. apunt\u00f3.<\/p>\n","protected":false},"excerpt":{"rendered":"<p>El diputado Max Correa Hern\u00e1ndez, confi\u00f3 en el gobernador Alfredo del Mazo Maza para que tome en sus manos el estandarte de la libertad como lo hizo Miguel Hidalgo y Costilla y otorgue la libertad a las personas injustamente presas en el Estado de M\u00e9xico.<\/p>\n","protected":false},"author":3,"featured_media":595036,"comment_status":"open","ping_status":"open","sticky":false,"template":"","format":"standard","meta":{"_monsterinsights_skip_tracking":false,"_monsterinsights_sitenote_active":false,"_monsterinsights_sitenote_note":"","_monsterinsights_sitenote_category":0,"footnotes":""},"categories":[5],"tags":[43675,96323,169],"class_list":["post-594953","post","type-post","status-publish","format-standard","has-post-thumbnail","hentry","category-estado-de-mexico","tag-estado-de-mexico","tag-max-correa-hernandez","tag-tlalnepantla"],"_links":{"self":[{"href":"https:\/\/www.diarioimagen.net\/index.php?rest_route=\/wp\/v2\/posts\/594953","targetHints":{"allow":["GET"]}}],"collection":[{"href":"https:\/\/www.diarioimagen.net\/index.php?rest_route=\/wp\/v2\/posts"}],"about":[{"href":"https:\/\/www.diarioimagen.net\/index.php?rest_route=\/wp\/v2\/types\/post"}],"author":[{"embeddable":true,"href":"https:\/\/www.diarioimagen.net\/index.php?rest_route=\/wp\/v2\/users\/3"}],"replies":[{"embeddable":true,"href":"https:\/\/www.diarioimagen.net\/index.php?rest_route=%2Fwp%2Fv2%2Fcomments&post=594953"}],"version-history":[{"count":0,"href":"https:\/\/www.diarioimagen.net\/index.php?rest_route=\/wp\/v2\/posts\/594953\/revisions"}],"wp:featuredmedia":[{"embeddable":true,"href":"https:\/\/www.diarioimagen.net\/index.php?rest_route=\/wp\/v2\/media\/595036"}],"wp:attachment":[{"href":"https:\/\/www.diarioimagen.net\/index.php?rest_route=%2Fwp%2Fv2%2Fmedia&parent=594953"}],"wp:term":[{"taxonomy":"category","embeddable":true,"href":"https:\/\/www.diarioimagen.net\/index.php?rest_route=%2Fwp%2Fv2%2Fcategories&post=594953"},{"taxonomy":"post_tag","embeddable":true,"href":"https:\/\/www.diarioimagen.net\/index.php?rest_route=%2Fwp%2Fv2%2Ftags&post=594953"}],"curies":[{"name":"wp","href":"https:\/\/api.w.org\/{rel}","templated":true}]}}