{"id":594959,"date":"2023-09-07T00:04:44","date_gmt":"2023-09-07T06:04:44","guid":{"rendered":"https:\/\/www.diarioimagen.net\/?p=594959"},"modified":"2023-09-07T02:59:57","modified_gmt":"2023-09-07T08:59:57","slug":"el-prd-esta-a-favor-de-un-estado-justo-e-igualitario-omar-ortega","status":"publish","type":"post","link":"https:\/\/www.diarioimagen.net\/?p=594959","title":{"rendered":"El PRD est\u00e1 a favor de un estado justo e igualitario: Omar Ortega"},"content":{"rendered":"<p>&nbsp;<\/p>\n<ul>\n<li><em><strong>Apertura de sesiones de la LXI Legislatura<\/strong><\/em><\/li>\n<\/ul>\n<p>&nbsp;<\/p>\n<div id=\"attachment_595028\" style=\"width: 470px\" class=\"wp-caption aligncenter\"><a href=\"https:\/\/www.diarioimagen.net\/?attachment_id=595028\" rel=\"attachment wp-att-595028\"><img loading=\"lazy\" decoding=\"async\" aria-describedby=\"caption-attachment-595028\" class=\"wp-image-595028 size-full\" src=\"https:\/\/www.diarioimagen.net\/wp-content\/uploads\/2023\/09\/prd-a-favor.jpg\" alt=\"\" width=\"460\" height=\"270\" \/><\/a><p id=\"caption-attachment-595028\" class=\"wp-caption-text\">Omar Ortega \u00c1lvarez afirm\u00f3 que el PRD llega m\u00e1s fortalecido en este inicio de sesiones en el Congreso mexiquense.<\/p><\/div>\n<p>&nbsp;<\/p>\n<p><strong>Toluca, Estado de M\u00e9xico.\u2014<\/strong> Nuestra labor siempre ha estado caracterizada por el trabajo duro y constante, por lo que somos una de las bancadas m\u00e1s productivas, con un total de 127 iniciativas en favor de un Estado de M\u00e9xico m\u00e1s justo e igualitario.<\/p>\n<p>As\u00ed lo se\u00f1al\u00f3 Omar Ortega \u00c1lvarez, coordinador del Grupo Parlamentario del Partido de la Revoluci\u00f3n Democr\u00e1tica (PRD), durante la apertura del primer periodo ordinario de sesiones del tercer a\u00f1o de la LXI Legislatura. Al t\u00e9rmino de la sesi\u00f3n en entrevista con los representantes de los medios de comunicaci\u00f3n Ortega \u00c1lvarez sostuvo que el grupo parlamentario perredista llega m\u00e1s fortalecido a este primer periodo, al anunciar la suma de un nuevo integrante, el diputado Fernando Gonz\u00e1lez Mej\u00eda, de quien destac\u00f3 su lucha en favor de los adultos mayores, por el medio ambiente y la justicia social.<\/p>\n<p>El coordinador del sol azteca, record\u00f3 parte la ardua labor que han realizado en materia legislativa en los \u00faltimos cinco a\u00f1os, con la aprobaci\u00f3n de iniciativas y luchas hist\u00f3ricas del PRD, como la penalizaci\u00f3n del matrimonio infantil, el reconocimiento de personas en situaci\u00f3n de calle, la ley vicar\u00eda, entre otras. Sin embargo, mencion\u00f3 que a\u00fan son muchos los pendientes que se tienen y que espera que con el respaldo de los dem\u00e1s grupos parlamentarios puedan ser aprobadas la mayor\u00eda de ellas.<\/p>\n<p>Al referirse a la agenda legislativa que el PRD impulsar\u00e1 en los pr\u00f3ximos meses, el parlamentario, explic\u00f3 que estar\u00e1n trabajando de la mano con su direcci\u00f3n estatal, con la finalidad de presentar un conjunto de iniciativas y trabajos partidarios dirigidos en primera instancia \u201cSolo para mujeres\u201d.<\/p>\n<p>Detall\u00f3 que estar\u00e1n promoviendo que la agresi\u00f3n con qu\u00edmicos sea tipificado como tentativa de homicidio, as\u00ed como la legalizaci\u00f3n de portar armas no letales como el taser y el gas pimienta, en uso leg\u00edtimo de defensa; dijo tambi\u00e9n que promover\u00e1n la creaci\u00f3n de guarder\u00edas de horario amplio en favor de las madres trabajadoras, acciones que permitan mayor acceso al agua potable, cuidado al medio ambiente, acciones a favor de las infancias y juventudes, dignificaci\u00f3n de los adultos mayores, impulso al deporte y la cultura popular, entre otros temas.<\/p>\n","protected":false},"excerpt":{"rendered":"<p>Nuestra labor siempre ha estado caracterizada por el trabajo duro y constante, por lo que somos una de las bancadas m\u00e1s productivas, con un total de 127 iniciativas en favor de un Estado de M\u00e9xico m\u00e1s justo e igualitario.<\/p>\n","protected":false},"author":3,"featured_media":595028,"comment_status":"open","ping_status":"open","sticky":false,"template":"","format":"standard","meta":{"_monsterinsights_skip_tracking":false,"_monsterinsights_sitenote_active":false,"_monsterinsights_sitenote_note":"","_monsterinsights_sitenote_category":0,"footnotes":""},"categories":[5],"tags":[43675,93461,452],"class_list":["post-594959","post","type-post","status-publish","format-standard","has-post-thumbnail","hentry","category-estado-de-mexico","tag-estado-de-mexico","tag-igualitario","tag-toluca"],"_links":{"self":[{"href":"https:\/\/www.diarioimagen.net\/index.php?rest_route=\/wp\/v2\/posts\/594959","targetHints":{"allow":["GET"]}}],"collection":[{"href":"https:\/\/www.diarioimagen.net\/index.php?rest_route=\/wp\/v2\/posts"}],"about":[{"href":"https:\/\/www.diarioimagen.net\/index.php?rest_route=\/wp\/v2\/types\/post"}],"author":[{"embeddable":true,"href":"https:\/\/www.diarioimagen.net\/index.php?rest_route=\/wp\/v2\/users\/3"}],"replies":[{"embeddable":true,"href":"https:\/\/www.diarioimagen.net\/index.php?rest_route=%2Fwp%2Fv2%2Fcomments&post=594959"}],"version-history":[{"count":0,"href":"https:\/\/www.diarioimagen.net\/index.php?rest_route=\/wp\/v2\/posts\/594959\/revisions"}],"wp:featuredmedia":[{"embeddable":true,"href":"https:\/\/www.diarioimagen.net\/index.php?rest_route=\/wp\/v2\/media\/595028"}],"wp:attachment":[{"href":"https:\/\/www.diarioimagen.net\/index.php?rest_route=%2Fwp%2Fv2%2Fmedia&parent=594959"}],"wp:term":[{"taxonomy":"category","embeddable":true,"href":"https:\/\/www.diarioimagen.net\/index.php?rest_route=%2Fwp%2Fv2%2Fcategories&post=594959"},{"taxonomy":"post_tag","embeddable":true,"href":"https:\/\/www.diarioimagen.net\/index.php?rest_route=%2Fwp%2Fv2%2Ftags&post=594959"}],"curies":[{"name":"wp","href":"https:\/\/api.w.org\/{rel}","templated":true}]}}