{"id":594997,"date":"2023-09-07T00:03:06","date_gmt":"2023-09-07T06:03:06","guid":{"rendered":"https:\/\/www.diarioimagen.net\/?p=594997"},"modified":"2023-09-07T02:36:33","modified_gmt":"2023-09-07T08:36:33","slug":"lo-adelanto-xochitl-es-claudia-y-ebrard","status":"publish","type":"post","link":"https:\/\/www.diarioimagen.net\/?p=594997","title":{"rendered":"Lo adelant\u00f3 X\u00f3chitl, es Claudia; \u00bfy Ebrard?"},"content":{"rendered":"<h2>Espacio Electoral<\/h2>\n<h5>Eleazar Flores<\/h5>\n<p>&nbsp;<\/p>\n<p><strong>DURAZO, \u00bfY SONORA?-.<\/strong> Al puro estilo moreno de violar leyes sin que nada pase ni les pase nada a quienes lo hacen, el gobernador Alfonso Durazo se concentr\u00f3 en la asunci\u00f3n de la \u201ccorcholata\u201d presidencial favorita, descuidando su cargo de gobernador de Sonora, donde impera la violencia.<\/p>\n<p>Seguro, sus coya le estar\u00e1n elaborando un oficio de \u201cPERMISO SIN GOCE DE SUELDO\u201d dizque para no transgredir la ley, pero lo haga o no, no lo sancionar\u00e1 nadie, mucho menos los integrantes de la C\u00e1mara de Diputados local, donde el color guinda predomina en los legisladores.<\/p>\n<p>M\u00e1s que el triunfo de Claudia Sheinbaum como lo adelant\u00f3 X\u00f3chitl G\u00e1lvez, hay una NOTICIA que pocos la dimensionar\u00e1n y a los COLUMNISTAS MILITANTES les servir\u00e1 de punto de apoyo para atacarlo, pero lo innegable es lo que desde afuera se ve\u00eda, las irregularidades que antes, pero sobre todo ayer, denunci\u00f3 Marcelo Ebrard, sin refutaciones s\u00f3lidas del gerente Mario Delgado Carrillo.<\/p>\n<p>En inocente espera de una verdadera noticia, acerca del resultado, este espacio aguant\u00f3 al m\u00e1ximo dicha sorpresa que jam\u00e1s lleg\u00f3, por lo que persiguiendo el \u00e1ngulo noticioso dentro de este marem\u00e1gnum de rutinas, ser\u00e1 menos tedioso escudri\u00f1ar los lugares que ocuparon las dem\u00e1s \u201ccorcholatas\u201d sin pero alguno, salvo el del ex canciller que dio pruebas de esos peros.<\/p>\n<p>Los 39 puntos alcanzados por Claudia Sheinbaum nadie se los quita, legal o ilegalmente obtenidos, pero s\u00ed s\u00f3lo los 26 puntos que le acreditaron a Ebrard Casaub\u00f3n, que pudieron ser m\u00e1s si la maquinaria del gerente de MORENA actuara con transparencia.<\/p>\n<p>Lo que caus\u00f3 risa fue el conformismo del resultado para Manuel Velasco quien menos hizo campa\u00f1a por cuestiones familiares, quedando en octavo lugar.<\/p>\n<p>La sorpresa fueron los puntos alcanzados por Fern\u00e1ndez Noro\u00f1a no obstante que su NORO\u00d1AB\u00daS corri\u00f3 m\u00e1s lento que el novedoso Tren Maya, lo que ya es decir mucho.<\/p>\n<p>Los analistas esperan con mofa, m\u00e1s que con inter\u00e9s, la reacci\u00f3n del M\u00c1S CERCANO AL PRESIDENTE, seg\u00fan textos de sus miles de espectaculares que tapizaron las orillas de las principales entradas y salidas de las carreteras convergentes a la capital de la Rep\u00fablica.<\/p>\n<p>Tambi\u00e9n con algo de sorna se esperan las explicaciones que el zacatecano Ricardo Monreal dir\u00e1 a sus alumnos de las licenciaturas y maestr\u00edas de la UNAM, con expresiones tan entreguistas como aquella de prefiero no ser nada antes que hacer enojar al Presidente, palabras m\u00e1s, palabras menos.<\/p>\n<p>Pero para todas las \u201ccorcholatas\u201d habr\u00e1 REINTEGRO, Monreal la jefatura de Gobierno, Ad\u00e1n alg\u00fan liderazgo, diputado o senatorial y los dem\u00e1s, que su dios los acompa\u00f1e, pero apueste y ganar\u00e1 que ninguno seguir\u00e1 a Marcelo.<\/p>\n<p>\u00bfQu\u00e9 le espera al CARNAL?, el ostracismo o el MC con un DANTESCO panorama.<\/p>\n<p><em><a href=\"mailto:elefa44@gmail.com\" target=\"_blank\" rel=\"noopener noreferrer\">elefa44@gmail.com<\/a><\/em><\/p>\n","protected":false},"excerpt":{"rendered":"<p><span style=\"color: #005497;\"><strong>Eleazar Flores<\/strong><\/span><\/p>\n","protected":false},"author":3,"featured_media":0,"comment_status":"open","ping_status":"open","sticky":false,"template":"","format":"standard","meta":{"_monsterinsights_skip_tracking":false,"_monsterinsights_sitenote_active":false,"_monsterinsights_sitenote_note":"","_monsterinsights_sitenote_category":0,"footnotes":""},"categories":[81743],"tags":[81744,81776,43674],"class_list":["post-594997","post","type-post","status-publish","format-standard","hentry","category-eleazar-flores","tag-eleazar-flores","tag-espacio-electoral","tag-opinion"],"_links":{"self":[{"href":"https:\/\/www.diarioimagen.net\/index.php?rest_route=\/wp\/v2\/posts\/594997","targetHints":{"allow":["GET"]}}],"collection":[{"href":"https:\/\/www.diarioimagen.net\/index.php?rest_route=\/wp\/v2\/posts"}],"about":[{"href":"https:\/\/www.diarioimagen.net\/index.php?rest_route=\/wp\/v2\/types\/post"}],"author":[{"embeddable":true,"href":"https:\/\/www.diarioimagen.net\/index.php?rest_route=\/wp\/v2\/users\/3"}],"replies":[{"embeddable":true,"href":"https:\/\/www.diarioimagen.net\/index.php?rest_route=%2Fwp%2Fv2%2Fcomments&post=594997"}],"version-history":[{"count":0,"href":"https:\/\/www.diarioimagen.net\/index.php?rest_route=\/wp\/v2\/posts\/594997\/revisions"}],"wp:attachment":[{"href":"https:\/\/www.diarioimagen.net\/index.php?rest_route=%2Fwp%2Fv2%2Fmedia&parent=594997"}],"wp:term":[{"taxonomy":"category","embeddable":true,"href":"https:\/\/www.diarioimagen.net\/index.php?rest_route=%2Fwp%2Fv2%2Fcategories&post=594997"},{"taxonomy":"post_tag","embeddable":true,"href":"https:\/\/www.diarioimagen.net\/index.php?rest_route=%2Fwp%2Fv2%2Ftags&post=594997"}],"curies":[{"name":"wp","href":"https:\/\/api.w.org\/{rel}","templated":true}]}}