{"id":595195,"date":"2023-09-11T00:06:48","date_gmt":"2023-09-11T06:06:48","guid":{"rendered":"https:\/\/www.diarioimagen.net\/?p=595195"},"modified":"2023-09-11T22:48:32","modified_gmt":"2023-09-12T04:48:32","slug":"disciplina-sacrificio-y-tenacidad-elementos-clave-en-el-deporte-universitario-isaac-porcayo","status":"publish","type":"post","link":"https:\/\/www.diarioimagen.net\/?p=595195","title":{"rendered":"Disciplina, sacrificio y tenacidad, elementos clave en el deporte universitario: Isaac Porcayo"},"content":{"rendered":"<p>&nbsp;<\/p>\n<div id=\"attachment_595243\" style=\"width: 470px\" class=\"wp-caption aligncenter\"><a href=\"https:\/\/www.diarioimagen.net\/?attachment_id=595243\" rel=\"attachment wp-att-595243\"><img loading=\"lazy\" decoding=\"async\" aria-describedby=\"caption-attachment-595243\" class=\"size-full wp-image-595243\" src=\"https:\/\/www.diarioimagen.net\/wp-content\/uploads\/2023\/09\/uaem-disciplina.jpg\" alt=\"\" width=\"460\" height=\"270\" \/><\/a><p id=\"caption-attachment-595243\" class=\"wp-caption-text\">Isaac Porcayo, estudiante de la Facultad de Contadur\u00eda y Administraci\u00f3n de la UAEM\u00e9x, mencion\u00f3 que, al ser su primera participaci\u00f3n en la Universiada Nacional 2023, se sorprendi\u00f3 por conquistar plata en caminata 20 kil\u00f3metros y subir al p\u00f3dium.<\/p><\/div>\n<p>&nbsp;<\/p>\n<p><strong>Toluca, Estado de M\u00e9xico.\u2014<\/strong> Disciplina, sacrificio y tenacidad fueron las claves para que el atleta y estudiante de la licenciatura en Administraci\u00f3n de la Universidad Aut\u00f3noma del Estado de M\u00e9xico (UAEM\u00e9x), Isaac Porcayo Villarreal, obtuviera la presea de plata en caminata 20 kil\u00f3metros dentro de la Universiada Nacional 2023, la cual se realiz\u00f3 en Sonora en mayo pasado.<\/p>\n<p>El estudiante de la Facultad de Contadur\u00eda y Administraci\u00f3n se\u00f1al\u00f3 que la medalla de plata tuvo dedicatoria especial para sus padres, familiares y su equipo de atletismo, encabezado por su entrenador Carlos Alc\u00e1ntara.<\/p>\n<p>\u201cFue una satisfacci\u00f3n muy grande obtener esta presea de plata\u201d, dijo el deportista de la Aut\u00f3noma mexiquense originario del municipio de San Mateo Atenco.<\/p>\n<p>Porcayo Villarreal mencion\u00f3 que, al ser su primera participaci\u00f3n en la justa deportiva universitaria, se sorprendi\u00f3 por conquistarla y subir al p\u00f3dium.<\/p>\n<p>\u201cObtener la medalla de plata en la Universiada Nacional es el reflejo de la suma de esfuerzos, del trabajo de un a\u00f1o. Hubo ocasiones que no fuimos a fiestas familiares, me limit\u00e9 en la comida, pero al final vali\u00f3 la pena. Ganar es una gran satisfacci\u00f3n, fue una sorpresa muy grande, porque adem\u00e1s es la primera vez que estoy en una Universiada Nacional, aunado a que ten\u00eda una carga fuerte de trabajo\u201d, detall\u00f3 Porcayo Villareal.<\/p>\n<p>El municipio de San Mateo Atenco, aparte de ser conocido por la elaboraci\u00f3n de calzado, tambi\u00e9n es cuna de grandes deportistas como Bernardo Segura, Omar Zepeda, Jorge Segura, William Zepeda, entre otros, pero Isaac Porcayo desea, de igual manera, realizar un buen trabajo en el \u00e1mbito deportivo. Adem\u00e1s, se\u00f1al\u00f3 que, a t\u00edtulo personal, tiene como referente al deportista del Estado de M\u00e9xico, No\u00e9 Hern\u00e1ndez.<\/p>\n<p>\u201cFue un gran deportista, por ello esperamos seguir trabajando y dejando en alto el nombre de la Universidad Aut\u00f3noma del Estado de M\u00e9xico dentro del atletismo y en la prueba de caminata 20 kil\u00f3metros\u201d, detall\u00f3 el atleta universitario.<\/p>\n","protected":false},"excerpt":{"rendered":"<p>Disciplina, sacrificio y tenacidad fueron las claves para que el atleta y estudiante de la licenciatura en Administraci\u00f3n de la Universidad Aut\u00f3noma del Estado de M\u00e9xico (UAEM\u00e9x), Isaac Porcayo Villarreal, obtuviera la presea de plata en caminata 20 kil\u00f3metros dentro de la Universiada Nacional 2023, la cual se realiz\u00f3 en Sonora en mayo pasado.<\/p>\n","protected":false},"author":3,"featured_media":595243,"comment_status":"open","ping_status":"open","sticky":false,"template":"","format":"standard","meta":{"_monsterinsights_skip_tracking":false,"_monsterinsights_sitenote_active":false,"_monsterinsights_sitenote_note":"","_monsterinsights_sitenote_category":0,"footnotes":""},"categories":[5],"tags":[96700,67878],"class_list":["post-595195","post","type-post","status-publish","format-standard","has-post-thumbnail","hentry","category-estado-de-mexico","tag-facultad-de-contaduria-y-administracion","tag-uaemex"],"_links":{"self":[{"href":"https:\/\/www.diarioimagen.net\/index.php?rest_route=\/wp\/v2\/posts\/595195","targetHints":{"allow":["GET"]}}],"collection":[{"href":"https:\/\/www.diarioimagen.net\/index.php?rest_route=\/wp\/v2\/posts"}],"about":[{"href":"https:\/\/www.diarioimagen.net\/index.php?rest_route=\/wp\/v2\/types\/post"}],"author":[{"embeddable":true,"href":"https:\/\/www.diarioimagen.net\/index.php?rest_route=\/wp\/v2\/users\/3"}],"replies":[{"embeddable":true,"href":"https:\/\/www.diarioimagen.net\/index.php?rest_route=%2Fwp%2Fv2%2Fcomments&post=595195"}],"version-history":[{"count":0,"href":"https:\/\/www.diarioimagen.net\/index.php?rest_route=\/wp\/v2\/posts\/595195\/revisions"}],"wp:featuredmedia":[{"embeddable":true,"href":"https:\/\/www.diarioimagen.net\/index.php?rest_route=\/wp\/v2\/media\/595243"}],"wp:attachment":[{"href":"https:\/\/www.diarioimagen.net\/index.php?rest_route=%2Fwp%2Fv2%2Fmedia&parent=595195"}],"wp:term":[{"taxonomy":"category","embeddable":true,"href":"https:\/\/www.diarioimagen.net\/index.php?rest_route=%2Fwp%2Fv2%2Fcategories&post=595195"},{"taxonomy":"post_tag","embeddable":true,"href":"https:\/\/www.diarioimagen.net\/index.php?rest_route=%2Fwp%2Fv2%2Ftags&post=595195"}],"curies":[{"name":"wp","href":"https:\/\/api.w.org\/{rel}","templated":true}]}}