{"id":595289,"date":"2023-09-11T00:06:02","date_gmt":"2023-09-11T06:06:02","guid":{"rendered":"https:\/\/www.diarioimagen.net\/?p=595289"},"modified":"2023-09-11T01:31:25","modified_gmt":"2023-09-11T07:31:25","slug":"gabriela-quiroga-presenta-iniciativa-contra-feminicidio-vicario-transversal-o-vinculado-en-la-cdmx","status":"publish","type":"post","link":"https:\/\/www.diarioimagen.net\/?p=595289","title":{"rendered":"Gabriela Quiroga presenta iniciativa contra feminicidio vicario, transversal o vinculado, en la CDMX"},"content":{"rendered":"<h2>Como veo, doy<\/h2>\n<h5>Jorge Luis Galicia Palacios<\/h5>\n<p>&nbsp;<\/p>\n<ul>\n<li><strong><em>La diputada local pide modificar el C\u00f3digo Penal y la Ley de Acceso de las Mujeres a una Vida Libre de Violencia<\/em><\/strong><\/li>\n<\/ul>\n<p>&nbsp;<\/p>\n<p>En una sociedad donde los feminicidios suceden como si esto formara parte de la conducta humana en nuestra cotidianidad, cualquier esfuerzo que se haga para su erradicaci\u00f3n, por m\u00ednimo que sea, siempre ser\u00e1 bienvenido porque los gritos que se hacen contra esos enfermizos patrones de conducta son cada vez m\u00e1s fuertes y con mayor frecuencia.<\/p>\n<p>En ese contexto, debido a que hay cifras que demuestran que la violencia contra las mujeres van en aumento en el pa\u00eds y que en ese marco han surgido y evolucionado nuevas formas de ejercer violencia contra las mujeres, la diputada local de la Ciudad de M\u00e9xico, Gabriela Quiroga Anguiano, present\u00f3 una iniciativa para modificar el C\u00f3digo Penal y la Ley de Acceso de las Mujeres a una Vida Libre de Violencia y pidi\u00f3 a sus compa\u00f1eras y compa\u00f1eros legisladores apoyar los cambios propuestos, ya que con dicha iniciativa se pretende \u201creforzar, colaborar y visibilizar este tipo de violencia y no permitir que se siga perpetuando\u201d.<\/p>\n<p>Al referirse al feminicidio vinculado, transversal o vicario, la congresista mencion\u00f3 que, en la definici\u00f3n del delito de feminicidio son t\u00e9rminos nuevos y que lamentablemente estos han presentado mayor impacto en pa\u00edses como Argentina y M\u00e9xico, d\u00e1ndose m\u00faltiples casos en el que las mujeres reciben amenazas de sus parejas en el sentido de da\u00f1ar a alg\u00fan familiar como una forma de presionar o chantajearlas por diversos motivos.<\/p>\n<p>Agreg\u00f3 que hoy en d\u00eda resulta obligado que la sociedad en su conjunto entienda esos conceptos conocidos como vinculado, transversal o vicario, ya que en el marco de los feminicidios estos se refieren a da\u00f1os psicol\u00f3gicos causados a una mujer a trav\u00e9s del homicidio de alguno de sus seres queridos, ya sean hijas e hijos, familiares de primer grado o bien, pueden ser mascotas de compa\u00f1\u00eda.<\/p>\n<p>\u00bfQu\u00e9 hay que hacer para que este tipo de violencia sea erradicado en todo el pa\u00eds?, es la pregunta que a fines del a\u00f1o pasado lanzamos en este espacio luego de que en la opini\u00f3n p\u00fablica seguimos viendo que las cifras en materia de feminicidio no ceden, por lo que nuestra inquietud, que preocupa, sigue siendo la misma.<\/p>\n<p>De ah\u00ed que las reformas a nuestro ordenamiento legal propuestos por la legisladora Gabriela Quiroga Anguiano, integrante del grupo parlamentario del PRD, sea bienvenida y ahora s\u00f3lo esperamos que, si no es aprobado en sus t\u00e9rminos por el pleno del Congreso citadino, por lo menos la lean, entiendan el problema y tomen una decisi\u00f3n al respecto contra estos nuevos patrones de conducta en un delito que sigue siendo un dolor de cabeza para toda la sociedad. He dicho.<\/p>\n<p><strong>LAS CARTAS HABLAN.\u2014<\/strong> Han transcurrido m\u00e1s de diez a\u00f1os desde que el delito de feminicidio se incorpor\u00f3 al C\u00f3digo Penal Federal en el art\u00edculo 325, cuando se estableci\u00f3 que \u201cComete el delito de feminicidio quien prive de la vida a una mujer por razones de g\u00e9nero\u201d y lejos de que las cifras disminuyan hay indicadores como los del Instituto Belisario Dom\u00ednguez, del Senado de la Rep\u00fablica, que en el primer trimestre del a\u00f1o en curso arrojaban\u00a0 una tendencia a la alza de este delito en los \u00faltimos a\u00f1os, y ahora la congresista Quiroga Anguiano nos invita a abrir los ojos a una nueva modalidad en este tipo de delito: el feminicidio vinculado, transversal o vicario.<\/p>\n<p>No hay duda, la incidencia delictiva por feminicidio sigue al alza y si no nos creen, \u00e9chenles un ojo a las cifras del estado de Morelos y se dar\u00e1n cuenta que en esa entidad el feminicidio ha puesto su guarida, pero eso no quiere decir que otras entidades sean ajenas al problema: Morelos ocupa el primer lugar en la tasa de feminicidios.<\/p>\n<p><strong>VA MI RESTO.\u2014<\/strong> Es cierto, en los \u00faltimos diez a\u00f1os se han endurecido las penas contra quienes cometen este tipo de delito, se han reforzado protocolos y ha habido un incremento en las acciones para prevenir el feminicidio, sin embargo, como bien los se\u00f1ala la diputada Quiroga Anguiano, no hay que perder de vista otros elementos que surgen colateralmente como da\u00f1os psicol\u00f3gicos causados a las mujeres, no hacerlo es como convalidar la acci\u00f3n de los infractores que para el caso es lo mismo si los llamamos delincuentes, y hasta ah\u00ed porque como veo doy.<\/p>\n<p><em><a href=\"mailto:jorgelgalicia@yahoo.com.mx\" target=\"_blank\" rel=\"noopener noreferrer\">jorgelgalicia@yahoo.com.mx<\/a><\/em><\/p>\n","protected":false},"excerpt":{"rendered":"<p><span style=\"color: #005497;\"><strong>Jorge Luis Galicia Palacios<\/strong><\/span><\/p>\n","protected":false},"author":3,"featured_media":0,"comment_status":"open","ping_status":"open","sticky":false,"template":"","format":"standard","meta":{"_monsterinsights_skip_tracking":false,"_monsterinsights_sitenote_active":false,"_monsterinsights_sitenote_note":"","_monsterinsights_sitenote_category":0,"footnotes":""},"categories":[63916],"tags":[28722,63917,43674],"class_list":["post-595289","post","type-post","status-publish","format-standard","hentry","category-jorge-luis-galicia-palacios","tag-como-veo-doy","tag-jorge-luis-galicia-palacios","tag-opinion"],"_links":{"self":[{"href":"https:\/\/www.diarioimagen.net\/index.php?rest_route=\/wp\/v2\/posts\/595289","targetHints":{"allow":["GET"]}}],"collection":[{"href":"https:\/\/www.diarioimagen.net\/index.php?rest_route=\/wp\/v2\/posts"}],"about":[{"href":"https:\/\/www.diarioimagen.net\/index.php?rest_route=\/wp\/v2\/types\/post"}],"author":[{"embeddable":true,"href":"https:\/\/www.diarioimagen.net\/index.php?rest_route=\/wp\/v2\/users\/3"}],"replies":[{"embeddable":true,"href":"https:\/\/www.diarioimagen.net\/index.php?rest_route=%2Fwp%2Fv2%2Fcomments&post=595289"}],"version-history":[{"count":0,"href":"https:\/\/www.diarioimagen.net\/index.php?rest_route=\/wp\/v2\/posts\/595289\/revisions"}],"wp:attachment":[{"href":"https:\/\/www.diarioimagen.net\/index.php?rest_route=%2Fwp%2Fv2%2Fmedia&parent=595289"}],"wp:term":[{"taxonomy":"category","embeddable":true,"href":"https:\/\/www.diarioimagen.net\/index.php?rest_route=%2Fwp%2Fv2%2Fcategories&post=595289"},{"taxonomy":"post_tag","embeddable":true,"href":"https:\/\/www.diarioimagen.net\/index.php?rest_route=%2Fwp%2Fv2%2Ftags&post=595289"}],"curies":[{"name":"wp","href":"https:\/\/api.w.org\/{rel}","templated":true}]}}