{"id":595426,"date":"2023-09-12T00:06:03","date_gmt":"2023-09-12T06:06:03","guid":{"rendered":"https:\/\/www.diarioimagen.net\/?p=595426"},"modified":"2023-09-12T02:18:53","modified_gmt":"2023-09-12T08:18:53","slug":"hechos-no-palabras-2","status":"publish","type":"post","link":"https:\/\/www.diarioimagen.net\/?p=595426","title":{"rendered":"Hechos, no palabras"},"content":{"rendered":"<h2>Aunque pese<\/h2>\n<h5>Salvador Mart\u00ednez Garc\u00eda<\/h5>\n<p>&nbsp;<\/p>\n<p>En los \u00faltimos d\u00edas, han acontecido en el \u00e1mbito pol\u00edtico nacional algunos hechos relevantes como las decisiones de quienes representar\u00e1n a Morena y sus aliados, as\u00ed como al Frente Amplio por M\u00e9xico.<\/p>\n<p>Pero no s\u00f3lo ha sido la ascensi\u00f3n de Claudia Sheinbaum Pardo y X\u00f3chitl G\u00e1lvez Ruiz, sino tambi\u00e9n en medio de estas definiciones, la pataleta de Marcelo Ebrard que amenaza con salir de Morena, sin abrirse, hasta ahora, como precandidato presidencial eventualmente por Movimiento Ciudadano.<\/p>\n<p>Ayer, el ex canciller advirti\u00f3 que, si no se toman en cuenta sus impugnaciones al proceso de selecci\u00f3n del defensor de la 4T, \u00e9l abandonar\u00eda el partido en el gobierno, pero no se atrevi\u00f3 a anunciarse como aspirante presidencial, como algunos de sus seguidores exig\u00edan.<\/p>\n<p>Diversos sectores de la oposici\u00f3n se frotan las manos al vislumbrar una escisi\u00f3n en Morena, pero no reflexionan en que un tercer candidato presidencial perjudicar\u00eda m\u00e1s a G\u00e1lvez que a Sheinbaum.<\/p>\n<p>La base social, la mayor\u00eda ciudadana, de acuerdo con las encuestas, est\u00e1 con Morena, pero muy especialmente con el presidente Andr\u00e9s Manuel L\u00f3pez Obrador, quien, a pesar de no estar en las boletas de los pr\u00f3ximos comicios, ser\u00e1 el fact\u00f3tum de la voluntad electoral de millones de mexicanos y para todos es claro que su simpat\u00eda est\u00e1 depositada en Claudia Sheinbaum.<\/p>\n<p>Habr\u00e1 que esperar al mes de octubre, al arranque formal de las precampa\u00f1as, para poder evaluar con mayor precisi\u00f3n las tendencias de la voluntad ciudadana en favor de quienes formalmente aspiren, entonces, a la silla presidencial.<\/p>\n<p>Por lo pronto no se avizoran grandes movimientos o sorpresas de lo hasta ahora conocido.<\/p>\n<p style=\"text-align: center;\"><strong>Susurros<\/strong><\/p>\n<p>Jalisco es de los estados m\u00e1s importantes de la Rep\u00fablica si no es el que m\u00e1s, por lo que la disputa por su gobierno resulta muy importante para todos los partidos y en este caso quiz\u00e1 m\u00e1s para Movimiento Ciudadano por tener hoy en su poder la gubernatura.<\/p>\n<p>No obstante que Enrique Alfaro, quien lleg\u00f3 al poder amparado en las siglas de MC, hoy ya reniega del partido de Dante Delgado, ser\u00e1 el movimiento naranja quien lleve mano en el proceso electoral frente a las alianzas de Morena-PVEM-PT y PAN-PRI-PRD.<\/p>\n<p>De acuerdo con las encuestas, Pablo Lemus, alcalde de Guadalajara, llevar\u00eda amplia ventaja sobre los representantes de los otros \u00f3rganos pol\u00edticos, como pudieran ser el morenista Carlos Lomel\u00ed o Laura Haro, del PRI, al menos as\u00ed lo se\u00f1ala una encuesta publicada esta semana en un diario capitalino con edici\u00f3n tambi\u00e9n en Guadalajara.<\/p>\n<p>Veremos si a Alfaro le alcanza para empujar una candidatura competitiva, con Clemente Casta\u00f1eda o Alberto Esquer, pues es claro que con Lemus ni a la esquina.<\/p>\n<p><a href=\"mailto:salvadormartinez@visionmx.com\" target=\"_blank\" rel=\"noopener\"><em>salvadormartinez@visionmx.com<\/em><\/a><br \/>\n<em>Twitter: <a href=\"https:\/\/twitter.com\/salvador_mtz\" target=\"_blank\" rel=\"noopener\">@salvador_mtz<\/a><\/em><\/p>\n","protected":false},"excerpt":{"rendered":"<p><span style=\"color: #005497;\"><strong>Salvador Mart\u00ednez Garc\u00eda<\/strong><\/span><\/p>\n","protected":false},"author":3,"featured_media":0,"comment_status":"open","ping_status":"open","sticky":false,"template":"","format":"standard","meta":{"_monsterinsights_skip_tracking":false,"_monsterinsights_sitenote_active":false,"_monsterinsights_sitenote_note":"","_monsterinsights_sitenote_category":0,"footnotes":""},"categories":[96743],"tags":[96744,43674,96745],"class_list":["post-595426","post","type-post","status-publish","format-standard","hentry","category-salvador-martinez-garcia","tag-aunque-pese","tag-opinion","tag-salvador-martinez-garcia"],"_links":{"self":[{"href":"https:\/\/www.diarioimagen.net\/index.php?rest_route=\/wp\/v2\/posts\/595426","targetHints":{"allow":["GET"]}}],"collection":[{"href":"https:\/\/www.diarioimagen.net\/index.php?rest_route=\/wp\/v2\/posts"}],"about":[{"href":"https:\/\/www.diarioimagen.net\/index.php?rest_route=\/wp\/v2\/types\/post"}],"author":[{"embeddable":true,"href":"https:\/\/www.diarioimagen.net\/index.php?rest_route=\/wp\/v2\/users\/3"}],"replies":[{"embeddable":true,"href":"https:\/\/www.diarioimagen.net\/index.php?rest_route=%2Fwp%2Fv2%2Fcomments&post=595426"}],"version-history":[{"count":0,"href":"https:\/\/www.diarioimagen.net\/index.php?rest_route=\/wp\/v2\/posts\/595426\/revisions"}],"wp:attachment":[{"href":"https:\/\/www.diarioimagen.net\/index.php?rest_route=%2Fwp%2Fv2%2Fmedia&parent=595426"}],"wp:term":[{"taxonomy":"category","embeddable":true,"href":"https:\/\/www.diarioimagen.net\/index.php?rest_route=%2Fwp%2Fv2%2Fcategories&post=595426"},{"taxonomy":"post_tag","embeddable":true,"href":"https:\/\/www.diarioimagen.net\/index.php?rest_route=%2Fwp%2Fv2%2Ftags&post=595426"}],"curies":[{"name":"wp","href":"https:\/\/api.w.org\/{rel}","templated":true}]}}