{"id":595482,"date":"2023-09-13T00:03:05","date_gmt":"2023-09-13T06:03:05","guid":{"rendered":"https:\/\/www.diarioimagen.net\/?p=595482"},"modified":"2023-09-13T01:27:48","modified_gmt":"2023-09-13T07:27:48","slug":"llama-mario-delgado-a-la-unidad-en-torno-a-morena-en-el-edomex","status":"publish","type":"post","link":"https:\/\/www.diarioimagen.net\/?p=595482","title":{"rendered":"Llama Mario Delgado a la unidad en torno a Morena en el Edomex"},"content":{"rendered":"<p>&nbsp;<\/p>\n<ul>\n<li><em><strong>Buscan asegurar los 300 distritos federales<\/strong><\/em><\/li>\n<\/ul>\n<p>&nbsp;<\/p>\n<div id=\"attachment_595588\" style=\"width: 470px\" class=\"wp-caption aligncenter\"><a href=\"https:\/\/www.diarioimagen.net\/?attachment_id=595588\" rel=\"attachment wp-att-595588\"><img loading=\"lazy\" decoding=\"async\" aria-describedby=\"caption-attachment-595588\" class=\"size-full wp-image-595588\" src=\"https:\/\/www.diarioimagen.net\/wp-content\/uploads\/2023\/09\/llama-mario.jpg\" alt=\"\" width=\"460\" height=\"270\" \/><\/a><p id=\"caption-attachment-595588\" class=\"wp-caption-text\">El dirigente nacional de Morena, Mario Delgado, llam\u00f3 a mantener la unidad en torno a ese instituto pol\u00edtico no s\u00f3lo en el Estado de M\u00e9xico, sino en el pa\u00eds.<\/p><\/div>\n<p>&nbsp;<\/p>\n<p><strong>Valle de M\u00e9xico.\u2014<\/strong> Alcaldes, diputados, s\u00edndicos y regidores mexiquenses, secundan el llamado del presidente nacional de Morena, Mario Delgado, a mantener la unidad en torno a ese instituto pol\u00edtico no s\u00f3lo en el Estado de M\u00e9xico, sino en todo el pa\u00eds.<\/p>\n<p>En ese sentido, la regidora Alexis Santos Garc\u00eda, record\u00f3 que es necesario iniciar la instalaci\u00f3n inmediata de la mesa para conformar la alianza con el Partido del Trabajo y el Partido Verde Ecologista de M\u00e9xico (PVEM). En segundo lugar, a petici\u00f3n de la Coordinadora, se acord\u00f3 iniciar una agenda mucho m\u00e1s impetuosa en la formaci\u00f3n de los comit\u00e9s de defensa en cada distrito y secci\u00f3n electoral \u201ccon un objetivo muy claro: asegurar la victoria en los 300 distritos federales y en cada una de las entidades federativas\u201d.<\/p>\n<p>En ese sentido, la doctora Claudia Sheinbaum afirm\u00f3 que, tal como dice el slogan de Morena, se convocar\u00e1 a todas y todos tanto a la unidad como a la movilizaci\u00f3n. \u201cSomos parte de un proyecto y tenemos que consolidar estas estructuras, estos apoyos; a los militantes, simpatizantes, que fueron parte de estos procesos, convocarlos a la unidad y a la movilizaci\u00f3n y a la organizaci\u00f3n\u201d.<\/p>\n<p>Asimismo, inform\u00f3 que la reuni\u00f3n con Ad\u00e1n Augusto L\u00f3pez, Ricardo Monreal, Gerardo Fern\u00e1ndez Noro\u00f1a y Manuel Velasco respondi\u00f3 \u201cal inicio del proceso para consolidar la coalici\u00f3n, pero, sobre todo, de organizaci\u00f3n y movilizaci\u00f3n que no tiene que parar\u201d.<\/p>\n","protected":false},"excerpt":{"rendered":"<p>lcaldes, diputados, s\u00edndicos y regidores mexiquenses, secundan el llamado del presidente nacional de Morena, Mario Delgado, a mantener la unidad en torno a ese instituto pol\u00edtico no s\u00f3lo en el Estado de M\u00e9xico, sino en todo el pa\u00eds.<\/p>\n","protected":false},"author":3,"featured_media":595588,"comment_status":"open","ping_status":"open","sticky":false,"template":"","format":"standard","meta":{"_monsterinsights_skip_tracking":false,"_monsterinsights_sitenote_active":false,"_monsterinsights_sitenote_note":"","_monsterinsights_sitenote_category":0,"footnotes":""},"categories":[5],"tags":[6995,1416],"class_list":["post-595482","post","type-post","status-publish","format-standard","has-post-thumbnail","hentry","category-estado-de-mexico","tag-mario-delgado-carrillo","tag-pvem"],"_links":{"self":[{"href":"https:\/\/www.diarioimagen.net\/index.php?rest_route=\/wp\/v2\/posts\/595482","targetHints":{"allow":["GET"]}}],"collection":[{"href":"https:\/\/www.diarioimagen.net\/index.php?rest_route=\/wp\/v2\/posts"}],"about":[{"href":"https:\/\/www.diarioimagen.net\/index.php?rest_route=\/wp\/v2\/types\/post"}],"author":[{"embeddable":true,"href":"https:\/\/www.diarioimagen.net\/index.php?rest_route=\/wp\/v2\/users\/3"}],"replies":[{"embeddable":true,"href":"https:\/\/www.diarioimagen.net\/index.php?rest_route=%2Fwp%2Fv2%2Fcomments&post=595482"}],"version-history":[{"count":0,"href":"https:\/\/www.diarioimagen.net\/index.php?rest_route=\/wp\/v2\/posts\/595482\/revisions"}],"wp:featuredmedia":[{"embeddable":true,"href":"https:\/\/www.diarioimagen.net\/index.php?rest_route=\/wp\/v2\/media\/595588"}],"wp:attachment":[{"href":"https:\/\/www.diarioimagen.net\/index.php?rest_route=%2Fwp%2Fv2%2Fmedia&parent=595482"}],"wp:term":[{"taxonomy":"category","embeddable":true,"href":"https:\/\/www.diarioimagen.net\/index.php?rest_route=%2Fwp%2Fv2%2Fcategories&post=595482"},{"taxonomy":"post_tag","embeddable":true,"href":"https:\/\/www.diarioimagen.net\/index.php?rest_route=%2Fwp%2Fv2%2Ftags&post=595482"}],"curies":[{"name":"wp","href":"https:\/\/api.w.org\/{rel}","templated":true}]}}