{"id":595485,"date":"2023-09-13T00:01:33","date_gmt":"2023-09-13T06:01:33","guid":{"rendered":"https:\/\/www.diarioimagen.net\/?p=595485"},"modified":"2023-09-13T01:29:07","modified_gmt":"2023-09-13T07:29:07","slug":"pediran-a-nuevo-gobierno-mexiquense-mano-dura-contra-delitos-ciberneticos","status":"publish","type":"post","link":"https:\/\/www.diarioimagen.net\/?p=595485","title":{"rendered":"Pedir\u00e1n a nuevo gobierno mexiquense mano dura contra delitos cibern\u00e9ticos"},"content":{"rendered":"<p>&nbsp;<\/p>\n<ul>\n<li><strong><em>Poco se hace en esta materia, se quejan<\/em><\/strong><\/li>\n<\/ul>\n<p><strong>\u00a0<\/strong><\/p>\n<h6>Arturo Baena<\/h6>\n<p>&nbsp;<\/p>\n<div id=\"attachment_595592\" style=\"width: 470px\" class=\"wp-caption aligncenter\"><a href=\"https:\/\/www.diarioimagen.net\/?attachment_id=595592\" rel=\"attachment wp-att-595592\"><img loading=\"lazy\" decoding=\"async\" aria-describedby=\"caption-attachment-595592\" class=\"size-full wp-image-595592\" src=\"https:\/\/www.diarioimagen.net\/wp-content\/uploads\/2023\/09\/pediran-a-nuevo-gobierno.jpg\" alt=\"\" width=\"460\" height=\"270\" \/><\/a><p id=\"caption-attachment-595592\" class=\"wp-caption-text\">Los incidentes cibern\u00e9ticos que pueden derivar en delitos graves, son cada vez m\u00e1s complejos y sofisticados, denuncian.<\/p><\/div>\n<p>&nbsp;<\/p>\n<p><strong>Valle de M\u00e9xico.\u2014<\/strong> La nueva administraci\u00f3n que comandar\u00e1 Delfina G\u00f3mez, en el Estado de M\u00e9xico, debe girar instrucciones a quien sea \u00e9l o la responsable de la Fiscal\u00eda mexiquense para actuar con mano dura en contra de delincuentes cibern\u00e9ticos, que d\u00eda a d\u00eda crecen en la entidad.<\/p>\n<p>Aseguraron lo anterior l\u00edderes sociales, partidistas y periodistas, que se han visto afectados por estos malhechores, luego de destacar que \u201cla administraci\u00f3n que termina el 15 de septiembre no hizo nada para detener este il\u00edcito\u201d, dijeron.<\/p>\n<p>Recordaron que \u201clos incidentes cibern\u00e9ticos que pueden derivar en delitos, son cada vez m\u00e1s complejos y sofisticados, por lo que los delincuentes utilizan todo tipo de medios a su alcance, se aprovechan de las debilidades tecnol\u00f3gicas y del poco conocimiento de sus v\u00edctimas, en este sentido, un mecanismo de prevenci\u00f3n es el conocimiento, por lo cual se debe invertir en tecnolog\u00edas para detener este flagelo\u201d.<\/p>\n<p>Los afectados aseguraron que \u201ces necesario actuar con todo el peso de la ley contra esta banda de piratas cibern\u00e9ticos, toda vez que hackean, cuentas de Facebook, WhatsApp, Instagram y Twitter (ahora X) para obtener beneficios econ\u00f3micos\u201d.<\/p>\n<p>Por otra parte, los denunciantes exigieron al nuevo gobierno morenista, \u201cnombrar a un titular de la polic\u00eda cibern\u00e9tica que en realidad act\u00fae con mano firme contra quienes se han enriquecido con este tipo de fraudes\u201d<\/p>\n<p>Filialmente, y luego de advertir que las extorsiones o fraudes incrementan, la Polic\u00eda Cibern\u00e9tica del Estado de M\u00e9xico llam\u00f3 a los ciudadanos a tener cuidado y no caer en los enga\u00f1os de p\u00e1ginas web y aplicaciones que ofrecen supuestas ofertas, piden dinero a nombre de titulares de redes sociales y denunciar este tipo de il\u00edcitos.<\/p>\n","protected":false},"excerpt":{"rendered":"<p>La nueva administraci\u00f3n que comandar\u00e1 Delfina G\u00f3mez, en el Estado de M\u00e9xico, debe girar instrucciones a quien sea \u00e9l o la responsable de la Fiscal\u00eda mexiquense para actuar con mano dura en contra de delincuentes cibern\u00e9ticos, que d\u00eda a d\u00eda crecen en la entidad.<\/p>\n","protected":false},"author":3,"featured_media":595592,"comment_status":"open","ping_status":"open","sticky":false,"template":"","format":"standard","meta":{"_monsterinsights_skip_tracking":false,"_monsterinsights_sitenote_active":false,"_monsterinsights_sitenote_note":"","_monsterinsights_sitenote_category":0,"footnotes":""},"categories":[5],"tags":[98589,43677],"class_list":["post-595485","post","type-post","status-publish","format-standard","has-post-thumbnail","hentry","category-estado-de-mexico","tag-delitos-ciberneticos","tag-seguridad"],"_links":{"self":[{"href":"https:\/\/www.diarioimagen.net\/index.php?rest_route=\/wp\/v2\/posts\/595485","targetHints":{"allow":["GET"]}}],"collection":[{"href":"https:\/\/www.diarioimagen.net\/index.php?rest_route=\/wp\/v2\/posts"}],"about":[{"href":"https:\/\/www.diarioimagen.net\/index.php?rest_route=\/wp\/v2\/types\/post"}],"author":[{"embeddable":true,"href":"https:\/\/www.diarioimagen.net\/index.php?rest_route=\/wp\/v2\/users\/3"}],"replies":[{"embeddable":true,"href":"https:\/\/www.diarioimagen.net\/index.php?rest_route=%2Fwp%2Fv2%2Fcomments&post=595485"}],"version-history":[{"count":0,"href":"https:\/\/www.diarioimagen.net\/index.php?rest_route=\/wp\/v2\/posts\/595485\/revisions"}],"wp:featuredmedia":[{"embeddable":true,"href":"https:\/\/www.diarioimagen.net\/index.php?rest_route=\/wp\/v2\/media\/595592"}],"wp:attachment":[{"href":"https:\/\/www.diarioimagen.net\/index.php?rest_route=%2Fwp%2Fv2%2Fmedia&parent=595485"}],"wp:term":[{"taxonomy":"category","embeddable":true,"href":"https:\/\/www.diarioimagen.net\/index.php?rest_route=%2Fwp%2Fv2%2Fcategories&post=595485"},{"taxonomy":"post_tag","embeddable":true,"href":"https:\/\/www.diarioimagen.net\/index.php?rest_route=%2Fwp%2Fv2%2Ftags&post=595485"}],"curies":[{"name":"wp","href":"https:\/\/api.w.org\/{rel}","templated":true}]}}