{"id":595549,"date":"2023-09-13T00:12:17","date_gmt":"2023-09-13T06:12:17","guid":{"rendered":"https:\/\/www.diarioimagen.net\/?p=595549"},"modified":"2023-09-12T23:58:15","modified_gmt":"2023-09-13T05:58:15","slug":"xochitl-prende-la-alarma-en-2024-amlo-adquirira-1-billon-720-mil-mdp-de-deuda-mas-para-pemex","status":"publish","type":"post","link":"https:\/\/www.diarioimagen.net\/?p=595549","title":{"rendered":"X\u00f3chitl prende la alarma: En 2024, AMLO adquirir\u00e1 1 bill\u00f3n 720 mil mdp de deuda m\u00e1s para Pemex"},"content":{"rendered":"<h2>Tras la puerta del poder<\/h2>\n<h5>Roberto Vizca\u00edno<\/h5>\n<p>&nbsp;<\/p>\n<p><strong>X\u00f3chitl G\u00e1lvez Ruiz<\/strong> sugiri\u00f3 ayer al presidente <strong>Andr\u00e9s Manuel L\u00f3pez Obrador<\/strong> y a su c\u00edrculo pol\u00edtico, en el que est\u00e1n <strong>Mario Delgado<\/strong> y el gobernador de Sonora, <strong>Alfonso Durazo,<\/strong> a dejar de centrar el debate en si es folcl\u00f3rica, pintoresca o <em>fake<\/em> para ir a una discusi\u00f3n p\u00fablica m\u00e1s importante y de fondo, donde explique por qu\u00e9 su gobierno va a contratar 1 bill\u00f3n 720 mil millones de pesos que en su mayor\u00eda ir\u00e1n a ese barril sin fondo llamado Pemex y que ser\u00e1 el endeudamiento m\u00e1s grande de los \u00faltimos 20 a\u00f1os.<\/p>\n<p>Ya metida en este camino, afirma:<\/p>\n<p>\u201cMe preocupa el endeudamiento\u2026 este Presidente est\u00e1 endeudando como nunca a los mexicanos cuando \u00e9l hab\u00eda dicho que no nos iba a endeudar y eso s\u00ed es muy delicado\u2026 el d\u00e9ficit que est\u00e1n planteando es de endeudamiento, hay que llamarle por su nombre.<\/p>\n<p>\u201cMe preocupa que le est\u00e1n quitando recursos a Pemex Exploraci\u00f3n, le est\u00e1n quitando recursos al mantenimiento de refiner\u00edas, que de por s\u00ed ya ten\u00edan un problema de accidentes de manera sistem\u00e1tica. Si le sigue quitando recursos a Pemex para sus actividades prioritarias, pues puede bajar m\u00e1s la producci\u00f3n petrolera y, por otro lado, Pemex <em>de por s\u00ed<\/em> ya tiene un tema financiero muy complicado.<\/p>\n<p>\u201cY, por otro lado, le est\u00e1n quitando recursos al sector salud, no queda claro a d\u00f3nde se ir\u00edan en el Seguro Social, una parte ir\u00eda para el Seguro Social, es un proyecto que est\u00e1 empezando, que todav\u00eda ni el IMSS se organiza como para darle tanto dinero que a lo mejor no va poder ejercer y se lo est\u00e1s quitando a la Secretar\u00eda de Salud, entonces, hay que estudiar el detalle del Presupuesto, pero lo que le est\u00e1n asignando a Dos Bocas y al Tren Maya es desproporcionado\u201d, indic\u00f3 la aspirante presidencial de la oposici\u00f3n.<\/p>\n<p>Encima se corre otra ocurrencia, acept\u00f3: incrementar sin saber de d\u00f3nde van a salir esos recursos, los bonos para adultos mayores.<\/p>\n<p>Todo eso est\u00e1 muy bien, reconoci\u00f3, pero primero deber\u00eda AMLO y su titular de Hacienda decir si hay o no suficientes recursos para enfrentar ese nuevo gasto.<\/p>\n<p>Y mientras se echan a andar estos nuevos repartos, dice la todav\u00eda senadora <strong>G\u00e1lvez<\/strong> \u201cno crecemos econ\u00f3micamente porque no hay energ\u00eda, no crecemos econ\u00f3micamente porque no hay certeza jur\u00eddica\u2026 yo creo que a lo primero que le tendr\u00edamos que apostar, es al crecimiento econ\u00f3mico y este no es un presupuesto que le apuesta al crecimiento econ\u00f3mico\u201d.<\/p>\n<p>Por lo dem\u00e1s, <strong>X\u00f3chitl<\/strong>, sonriente, \u00e1gil, con buen humor, tiene tambi\u00e9n para responderle a <strong>Alfonso Durazo<\/strong> quien, sin mencionarla por su nombre, dijo que la oposici\u00f3n hab\u00eda lanzado a un personaje pintoresco, folcl\u00f3rico y <em>fake.<\/em><\/p>\n<p>\u201c\u00bfFolcl\u00f3rico? pues s\u00ed, represento la cultura de los pueblos, eso quiere decir folcl\u00f3rica. \u00bfPintoresca?, <strong>pues ojal\u00e1 su candidata tuviera algo de pintoresca<\/strong>. \u00bfY <em>fake<\/em>?, pues <em>fake<\/em> es su pol\u00edtica de seguridad en el gobierno federal, eso s\u00ed fue <em>fake<\/em>\u2026 y <em>fake <\/em>el trabajo que est\u00e1 haciendo en Sonora, en donde por cierto acaban de atentar contra <strong>Ceci Flores (quien estuvo con ella en el arranque de su campa\u00f1a hace dos domingos en el \u00c1ngel de la Independencia)<\/strong>, madre buscadora.<\/p>\n<p>\u201cEntonces, en lugar de andar aqu\u00ed perdiendo el tiempo, mejor que se ponga a trabajar en Sonora, es lo que yo le dir\u00eda, nada m\u00e1s\u201d.<\/p>\n<p>Se\u00f1al\u00f3 que ojal\u00e1 se les d\u00e9 el apoyo que pide a las madres buscadoras.<\/p>\n<p>\u201cY ojal\u00e1 el gobierno busque a las personas desaparecidas, porque el problema es que el gobierno no hace su trabajo y las madres tienen que salir a buscar a sus hijos\u201d.<\/p>\n<p>Previamente, present\u00f3 ante el Pleno del Senado una iniciativa de reforma a la fracci\u00f3n XV y XVI del art\u00edculo 13 de la Ley General de Derechos Ling\u00fc\u00edsticos de los Pueblos Ind\u00edgenas a fin de proteger a los pueblos ind\u00edgenas.<\/p>\n<p>Record\u00f3 que es el Decenio Internacional de las Lenguas Ind\u00edgenas, de la UNESCO, y que en el mundo se hablan muchos idiomas y dialectos, algunos de los cuales corren el riesgo de desaparecer y con ellos se ir\u00edan, cultura, conocimientos ancestrales, formas de vida y pensamiento en su mayor\u00eda ind\u00edgenas.<\/p>\n<p>La lengua -dijo-, no s\u00f3lo es veh\u00edculo de comunicaci\u00f3n entre personas y pueblos, sirve adem\u00e1s para explicar el universo y la divinidad; para conservar la historia y la memoria, la sabidur\u00eda\u2026<\/p>\n<p>La toponimia en las lenguas ind\u00edgenas -agreg\u00f3-, caracteriza a la diversidad de las regiones mexicanas, as\u00ed reconocemos la tarahumara, la mixe, la mixteca, la lacandona\u2026 todas donde se encuentran los 68 pueblos ind\u00edgenas de este pa\u00eds. Por eso es necesario establecer normas y programas para defenderlos, subray\u00f3.<\/p>\n<p style=\"text-align: center;\"><strong>Colaboraci\u00f3n esencial<\/strong><\/p>\n<p>La Asociaci\u00f3n Mexicana de Empresas de Seguridad Privada, la AMESP, recibi\u00f3 la invitaci\u00f3n de UNE-M\u00e9xico, encabezada por <strong>Juan Francisco Torres Landa Ruffo<\/strong>, para participar en una propuesta de seguridad p\u00fablica que ser\u00e1 entregada al pr\u00f3ximo gobierno.<\/p>\n<p>Se intenta as\u00ed una colaboraci\u00f3n de una asociaci\u00f3n, la AMESP, compuesta por 248 empresas y miles de expertos en seguridad, a fin de aportar importantes conocimientos y experiencias para la siguiente administraci\u00f3n.<\/p>\n<p>UNE-M\u00e9xico por su parte busca apoyar a un pa\u00eds m\u00e1s equitativo, justo, democr\u00e1tico, pr\u00f3spero y con paz y sustentabilidad.<\/p>\n<p>Esta organizaci\u00f3n se orienta a privilegiar valores humanos, libertades individuales y democracia, al tiempo que promueve el bienestar integral de la naci\u00f3n y fortalecer una sociedad unida, tolerante, transparente y llena de oportunidades compartidas, se afirma.<\/p>\n<p>Un modelo de pa\u00eds que respete el Estado de Derecho, la seguridad, la justicia y la democracia participativa.<\/p>\n<p><em><a href=\"mailto:rvizcainoa@gmail.com\" target=\"_blank\" rel=\"noopener noreferrer\">vizcainoa@gmail.com<\/a><a href=\"mailto:rvizcainoa@gmail.com\" target=\"_blank\" rel=\"noopener noreferrer\"><br \/>\n<\/a><a href=\"http:\/\/endirecto.mx\" target=\"_blank\" rel=\"noopener noreferrer\">www.endirecto.mx<\/a><a href=\"mailto:rvizcainoa@gmail.com\" target=\"_blank\" rel=\"noopener noreferrer\"><br \/>\n<\/a><a href=\"https:\/\/twitter.com\/_rvizcaino\" target=\"_blank\" rel=\"noopener noreferrer\">@_RVizcaino<\/a><a href=\"mailto:rvizcainoa@gmail.com\" target=\"_blank\" rel=\"noopener noreferrer\"><br \/>\n<\/a><a href=\"https:\/\/www.facebook.com\/rvizcainoa\" target=\"_blank\" rel=\"noopener noreferrer\">facebook.com\/rvizcainoa<\/a><\/em><\/p>\n","protected":false},"excerpt":{"rendered":"<p><span style=\"color: #005497;\"><strong>Roberto Vizca\u00edno<\/strong><\/span><\/p>\n","protected":false},"author":3,"featured_media":0,"comment_status":"open","ping_status":"open","sticky":false,"template":"","format":"standard","meta":{"_monsterinsights_skip_tracking":false,"_monsterinsights_sitenote_active":false,"_monsterinsights_sitenote_note":"","_monsterinsights_sitenote_category":0,"footnotes":""},"categories":[136],"tags":[43674,93,94],"class_list":["post-595549","post","type-post","status-publish","format-standard","hentry","category-roberto-vizcaino-opinion","tag-opinion","tag-roberto-vizcaino","tag-tras-la-puerta-del-poder"],"_links":{"self":[{"href":"https:\/\/www.diarioimagen.net\/index.php?rest_route=\/wp\/v2\/posts\/595549","targetHints":{"allow":["GET"]}}],"collection":[{"href":"https:\/\/www.diarioimagen.net\/index.php?rest_route=\/wp\/v2\/posts"}],"about":[{"href":"https:\/\/www.diarioimagen.net\/index.php?rest_route=\/wp\/v2\/types\/post"}],"author":[{"embeddable":true,"href":"https:\/\/www.diarioimagen.net\/index.php?rest_route=\/wp\/v2\/users\/3"}],"replies":[{"embeddable":true,"href":"https:\/\/www.diarioimagen.net\/index.php?rest_route=%2Fwp%2Fv2%2Fcomments&post=595549"}],"version-history":[{"count":0,"href":"https:\/\/www.diarioimagen.net\/index.php?rest_route=\/wp\/v2\/posts\/595549\/revisions"}],"wp:attachment":[{"href":"https:\/\/www.diarioimagen.net\/index.php?rest_route=%2Fwp%2Fv2%2Fmedia&parent=595549"}],"wp:term":[{"taxonomy":"category","embeddable":true,"href":"https:\/\/www.diarioimagen.net\/index.php?rest_route=%2Fwp%2Fv2%2Fcategories&post=595549"},{"taxonomy":"post_tag","embeddable":true,"href":"https:\/\/www.diarioimagen.net\/index.php?rest_route=%2Fwp%2Fv2%2Ftags&post=595549"}],"curies":[{"name":"wp","href":"https:\/\/api.w.org\/{rel}","templated":true}]}}