{"id":595636,"date":"2023-09-14T00:02:37","date_gmt":"2023-09-14T06:02:37","guid":{"rendered":"https:\/\/www.diarioimagen.net\/?p=595636"},"modified":"2023-09-14T22:15:24","modified_gmt":"2023-09-15T04:15:24","slug":"descarta-amlo-ruptura-en-morena-por-queja-de-ebrard","status":"publish","type":"post","link":"https:\/\/www.diarioimagen.net\/?p=595636","title":{"rendered":"Descarta AMLO ruptura en Morena por queja de Marcelo Ebrard"},"content":{"rendered":"<p><strong>\u00a0<\/strong><\/p>\n<ul>\n<li><em><strong>\u201cMarcelo es mi amigo y lo estimo\u201d<\/strong><\/em><\/li>\n<\/ul>\n<p>&nbsp;<\/p>\n<div id=\"attachment_595690\" style=\"width: 470px\" class=\"wp-caption aligncenter\"><a href=\"https:\/\/www.diarioimagen.net\/?attachment_id=595690\" rel=\"attachment wp-att-595690\"><img loading=\"lazy\" decoding=\"async\" aria-describedby=\"caption-attachment-595690\" class=\"size-full wp-image-595690\" src=\"https:\/\/www.diarioimagen.net\/wp-content\/uploads\/2023\/09\/amlo-4.jpg\" alt=\"\" width=\"460\" height=\"270\" \/><\/a><p id=\"caption-attachment-595690\" class=\"wp-caption-text\">Andr\u00e9s Manuel L\u00f3pez Obrador asegur\u00f3 que no habr\u00e1 fractura en el movimiento de transformaci\u00f3n, luego que Marcelo Ebrard anunciara que dejar\u00eda Morena.<\/p><\/div>\n<p>&nbsp;<\/p>\n<p>El presidente Andr\u00e9s Manuel L\u00f3pez Obrador asegur\u00f3 que no hay y ni habr\u00e1 fractura en el movimiento de transformaci\u00f3n, luego que Marcelo Ebrard anunciara que dejar\u00eda Morena si no hay reposici\u00f3n de proceso para elegir candidato presidencial, donde result\u00f3 ganadora Claudia Sheinbaum.<\/p>\n<p>\u201cEntonces estoy contento y en el caso de Marcelo, ya lo dije tambi\u00e9n, es mi amigo, mi compa\u00f1ero, lo estimo, y no puedo opinar m\u00e1s. Quisieran nuestros adversarios, porque es natural, de que hubiese fractura, una ruptura en el movimiento, no hay eso ni habr\u00e1\u201d, afirm\u00f3 L\u00f3pez Obrador.<\/p>\n<p>Al retomar sus conferencias ma\u00f1aneras en Palacio Nacional, luego de su regreso de una gira por Sudam\u00e9rica, el primer mandatario reiter\u00f3 que ahora el pueblo es el que decide y ya no la oligarqu\u00eda como se hac\u00eda en los tiempos del PRI.<\/p>\n<p>\u201cEn la democracia es el pueblo el que manda, el que decide, y ya no hay una oligarqu\u00eda con fachada de democracia. Se acuerdan c\u00f3mo hablaban del cambio y todo fue pura mentira, fue gatopardismo, (&#8230;) pero eso ya pas\u00f3\u201d, agreg\u00f3.<\/p>\n<p style=\"text-align: center;\"><strong>\u201cSeguir con concesiones en hospitales es 16 veces m\u00e1s caro\u201d<\/strong><\/p>\n<p>Sobre el caso de concesionarios de hospitales, el presidente L\u00f3pez Obrador dijo que seguir con el esquema de hospitales que fueron construidos y que actualmente operan bajo el esquema de Asociaciones P\u00fablico Privadas (APP) -y que han costado 93 mil millones de pesos- es 16 veces m\u00e1s caros que construirlos.<\/p>\n<p>\u201cEso lo crearon saben cuando, durante el gobierno de (Felipe) Calder\u00f3n, ese mecanismo en la \u00e9poca que se privatizaba todo, el agua, los hospitales, las carreteras, puertos, aeropuertos, siguiendo lo que hizo (Carlos) Salinas, empresas, trenes, ahora es distinto, la inversi\u00f3n p\u00fablica este a\u00f1o es de 1 bill\u00f3n de pesos, el \u00faltimo a\u00f1o de (Enrique) Pe\u00f1a fueron 500 mil millones, ahora el doble.<\/p>\n<p>\u201cHabl\u00e1bamos que eran 6 mil m\u00e1s o menos lo que costaban los 9, miren lo que hay que terminar pagando, esto se paga anual, haz la suma anual, casi 1 a\u00f1o con un a\u00f1o pagamos los 9, debe ser como la mitad aqu\u00ed, un poco m\u00e1s, son 6 mil, 2 a\u00f1os, esto 5 mil 600 es lo que tenemos que pagar a\u00f1o por a\u00f1o, y cu\u00e1nto cuestan de acuerdo al aval\u00fao, 5 mil 740, en un a\u00f1o&#8230; sin embargo si de quedan los contratos como est\u00e1n esto hay que pagar, yo dije 10 o 20 veces, ustedes creen que eso es correcto, justo, moral, m\u00e1xime si los que reciben los contratos est\u00e1n vinculados al gobierno, tiene que ver con el manejo de los medios, 93 mil (millones), me qued\u00e9 cortito, 16 veces, de 90 mil a 5 mil, pero as\u00ed est\u00e1 todo\u201d.<\/p>\n<p>Al mostrar el costo de 9 de 12 hospitales construidos bajo ese esquema, el Mandatario federal reiter\u00f3 la intenci\u00f3n de comprarlos, pese a que la iniciativa privada ha propuesto una disminuci\u00f3n de tarifa.<\/p>\n<p>\u201cDicen que negociemos una disminuci\u00f3n en la tarifa, no, porque aunque le bajemos a la mitad es mucho, van a ver cu\u00e1nto es, este es del IMSS de Tapachula, una concesi\u00f3n 25 a\u00f1os, vigencia del 17 al 42, yo creo que al 42 voy a estar mayor ya\u201d.<\/p>\n","protected":false},"excerpt":{"rendered":"<p>El presidente Andr\u00e9s Manuel L\u00f3pez Obrador asegur\u00f3 que no hay y ni habr\u00e1 fractura en el movimiento de transformaci\u00f3n, luego que Marcelo Ebrard anunciara que dejar\u00eda Morena si no hay reposici\u00f3n de proceso para elegir candidato presidencial, donde result\u00f3 ganadora Claudia Sheinbaum.<\/p>\n","protected":false},"author":3,"featured_media":595690,"comment_status":"open","ping_status":"open","sticky":false,"template":"","format":"standard","meta":{"_monsterinsights_skip_tracking":false,"_monsterinsights_sitenote_active":false,"_monsterinsights_sitenote_note":"","_monsterinsights_sitenote_category":0,"footnotes":""},"categories":[3],"tags":[2545,7350,74681],"class_list":["post-595636","post","type-post","status-publish","format-standard","has-post-thumbnail","hentry","category-nacional","tag-amlo","tag-marcelo-ebrard-casaubon","tag-queja"],"_links":{"self":[{"href":"https:\/\/www.diarioimagen.net\/index.php?rest_route=\/wp\/v2\/posts\/595636","targetHints":{"allow":["GET"]}}],"collection":[{"href":"https:\/\/www.diarioimagen.net\/index.php?rest_route=\/wp\/v2\/posts"}],"about":[{"href":"https:\/\/www.diarioimagen.net\/index.php?rest_route=\/wp\/v2\/types\/post"}],"author":[{"embeddable":true,"href":"https:\/\/www.diarioimagen.net\/index.php?rest_route=\/wp\/v2\/users\/3"}],"replies":[{"embeddable":true,"href":"https:\/\/www.diarioimagen.net\/index.php?rest_route=%2Fwp%2Fv2%2Fcomments&post=595636"}],"version-history":[{"count":0,"href":"https:\/\/www.diarioimagen.net\/index.php?rest_route=\/wp\/v2\/posts\/595636\/revisions"}],"wp:featuredmedia":[{"embeddable":true,"href":"https:\/\/www.diarioimagen.net\/index.php?rest_route=\/wp\/v2\/media\/595690"}],"wp:attachment":[{"href":"https:\/\/www.diarioimagen.net\/index.php?rest_route=%2Fwp%2Fv2%2Fmedia&parent=595636"}],"wp:term":[{"taxonomy":"category","embeddable":true,"href":"https:\/\/www.diarioimagen.net\/index.php?rest_route=%2Fwp%2Fv2%2Fcategories&post=595636"},{"taxonomy":"post_tag","embeddable":true,"href":"https:\/\/www.diarioimagen.net\/index.php?rest_route=%2Fwp%2Fv2%2Ftags&post=595636"}],"curies":[{"name":"wp","href":"https:\/\/api.w.org\/{rel}","templated":true}]}}