{"id":595638,"date":"2023-09-14T00:06:43","date_gmt":"2023-09-14T06:06:43","guid":{"rendered":"https:\/\/www.diarioimagen.net\/?p=595638"},"modified":"2023-09-14T22:13:37","modified_gmt":"2023-09-15T04:13:37","slug":"gerontologos-desempenan-un-papel-crucial-en-la-atencion-y-el-cuidado-integral-de-las-personas-mayores","status":"publish","type":"post","link":"https:\/\/www.diarioimagen.net\/?p=595638","title":{"rendered":"Geront\u00f3logos desempe\u00f1an un papel crucial en la atenci\u00f3n y el cuidado integral de las personas mayores"},"content":{"rendered":"<p>&nbsp;<\/p>\n<div id=\"attachment_595682\" style=\"width: 470px\" class=\"wp-caption aligncenter\"><a href=\"https:\/\/www.diarioimagen.net\/?attachment_id=595682\" rel=\"attachment wp-att-595682\"><img loading=\"lazy\" decoding=\"async\" aria-describedby=\"caption-attachment-595682\" class=\"size-full wp-image-595682\" src=\"https:\/\/www.diarioimagen.net\/wp-content\/uploads\/2023\/09\/uaem-gerontologos.jpg\" alt=\"\" width=\"460\" height=\"270\" \/><\/a><p id=\"caption-attachment-595682\" class=\"wp-caption-text\">La acad\u00e9mica de la UAEM\u00e9x, Asvany Guzm\u00e1n Caballero, consider\u00f3 que el D\u00eda del Geront\u00f3logo, que se festej\u00f3 el pasado 1 de septiembre, es un recordatorio de la importancia de contar con profesionales capacitados para abordar estas necesidades espec\u00edficas, pues cada persona envejece de manera \u00fanica, con experiencias, necesidades y aspiraciones distintas.<\/p><\/div>\n<p>&nbsp;<\/p>\n<p><strong>Toluca, Estado de M\u00e9xico.\u2014<\/strong> En los \u00faltimos a\u00f1os hemos sido testigos de un aumento constante en la proporci\u00f3n de personas mayores en nuestra sociedad. Este cambio demogr\u00e1fico trae consigo desaf\u00edos \u00fanicos en t\u00e9rminos de salud, bienestar y participaci\u00f3n social, ya que el envejecimiento no es simplemente un proceso biol\u00f3gico, sino una interacci\u00f3n multidimensional entre factores f\u00edsicos, psicol\u00f3gicos, sociales y ambientales, sostuvo la profesora e investigadora de la Facultad de Enfermer\u00eda y Obstetricia de la Universidad Aut\u00f3noma del Estado de M\u00e9xico (UAEM\u00e9x), Enid Asvany Guzm\u00e1n Caballero.<\/p>\n<p>En este contexto, afirm\u00f3 que los geront\u00f3logos est\u00e1n equipados con conocimientos especializados para evaluar y tratar de manera hol\u00edstica a las personas mayores, considerando sus aspectos m\u00e9dicos, emocionales y sociales.<\/p>\n<p>Consider\u00f3 que el D\u00eda del Geront\u00f3logo, que se festeja el 1 de septiembre de cada a\u00f1o, es un recordatorio de la importancia de contar con profesionales capacitados para abordar estas necesidades espec\u00edficas, pues cada persona envejece de manera \u00fanica, con experiencias, necesidades y aspiraciones distintas.<\/p>\n<p>Los geront\u00f3logos, advirti\u00f3, est\u00e1n capacitados para desarrollar planes de cuidado y atenci\u00f3n personalizados que se adapten a las circunstancias y deseos individuales de los adultos mayores. \u201cEsta atenci\u00f3n centrada en la persona fomenta la dignidad y el respeto\u201d.<\/p>\n<p>Abund\u00f3 que los geront\u00f3logos desempe\u00f1an un papel crucial en la atenci\u00f3n y el cuidado integral de las personas mayores, pues son expertos en el proceso de envejecimiento, dedicados a entender las complejidades f\u00edsicas, emocionales, psicosociales y espirituales del envejecimiento, adem\u00e1s de proporcionar estrategias para mejorar la calidad de vida de las personas.<\/p>\n<p>\u201cSu trabajo abarca desde la promoci\u00f3n de la salud hasta la gesti\u00f3n de programas y servicios que respondan a las necesidades cambiantes de esta poblaci\u00f3n que tengan un impacto significativo en la reducci\u00f3n de los costos de atenci\u00f3n m\u00e9dica a largo plazo\u201d, dijo.<\/p>\n<p>Adem\u00e1s, manifest\u00f3, el D\u00eda del Geront\u00f3logo tambi\u00e9n nos recuerda la importancia de promover un envejecimiento activo y saludable. \u201cLos geront\u00f3logos trabajan para fomentar la participaci\u00f3n en actividades f\u00edsicas, intelectuales, sociales, productivas y recreativas que mantengan a las personas mayores f\u00edsica y mentalmente activas. Esto no solo mejora su bienestar individual, sino que tambi\u00e9n enriquece a la comunidad en su conjunto\u201d.<\/p>\n<p>Por otra parte, se\u00f1al\u00f3 Enid Asvany Guzm\u00e1n Caballero, no debemos olvidar que los geront\u00f3logos tambi\u00e9n tienen un rol importante en la formulaci\u00f3n de pol\u00edticas sociales y de salud dirigidas a la poblaci\u00f3n adulta mayor. \u201cSu experiencia y conocimiento en temas relacionados con el envejecimiento los convierten en asesores valiosos para la creaci\u00f3n de programas y servicios que satisfagan las necesidades cambiantes de esta poblaci\u00f3n\u201d.<\/p>\n","protected":false},"excerpt":{"rendered":"<p>En los \u00faltimos a\u00f1os hemos sido testigos de un aumento constante en la proporci\u00f3n de personas mayores en nuestra sociedad. Este cambio demogr\u00e1fico trae consigo desaf\u00edos \u00fanicos en t\u00e9rminos de salud, bienestar y participaci\u00f3n social, ya que el envejecimiento no es simplemente un proceso biol\u00f3gico, sino una interacci\u00f3n multidimensional entre factores f\u00edsicos, psicol\u00f3gicos, sociales y ambientales, sostuvo la profesora e investigadora de la Facultad de Enfermer\u00eda y Obstetricia de la Universidad Aut\u00f3noma del Estado de M\u00e9xico (UAEM\u00e9x), Enid Asvany Guzm\u00e1n Caballero.<\/p>\n","protected":false},"author":3,"featured_media":595682,"comment_status":"open","ping_status":"open","sticky":false,"template":"","format":"standard","meta":{"_monsterinsights_skip_tracking":false,"_monsterinsights_sitenote_active":false,"_monsterinsights_sitenote_note":"","_monsterinsights_sitenote_category":0,"footnotes":""},"categories":[5],"tags":[43675,98598,452],"class_list":["post-595638","post","type-post","status-publish","format-standard","has-post-thumbnail","hentry","category-estado-de-mexico","tag-estado-de-mexico","tag-gerontologos","tag-toluca"],"_links":{"self":[{"href":"https:\/\/www.diarioimagen.net\/index.php?rest_route=\/wp\/v2\/posts\/595638","targetHints":{"allow":["GET"]}}],"collection":[{"href":"https:\/\/www.diarioimagen.net\/index.php?rest_route=\/wp\/v2\/posts"}],"about":[{"href":"https:\/\/www.diarioimagen.net\/index.php?rest_route=\/wp\/v2\/types\/post"}],"author":[{"embeddable":true,"href":"https:\/\/www.diarioimagen.net\/index.php?rest_route=\/wp\/v2\/users\/3"}],"replies":[{"embeddable":true,"href":"https:\/\/www.diarioimagen.net\/index.php?rest_route=%2Fwp%2Fv2%2Fcomments&post=595638"}],"version-history":[{"count":0,"href":"https:\/\/www.diarioimagen.net\/index.php?rest_route=\/wp\/v2\/posts\/595638\/revisions"}],"wp:featuredmedia":[{"embeddable":true,"href":"https:\/\/www.diarioimagen.net\/index.php?rest_route=\/wp\/v2\/media\/595682"}],"wp:attachment":[{"href":"https:\/\/www.diarioimagen.net\/index.php?rest_route=%2Fwp%2Fv2%2Fmedia&parent=595638"}],"wp:term":[{"taxonomy":"category","embeddable":true,"href":"https:\/\/www.diarioimagen.net\/index.php?rest_route=%2Fwp%2Fv2%2Fcategories&post=595638"},{"taxonomy":"post_tag","embeddable":true,"href":"https:\/\/www.diarioimagen.net\/index.php?rest_route=%2Fwp%2Fv2%2Ftags&post=595638"}],"curies":[{"name":"wp","href":"https:\/\/api.w.org\/{rel}","templated":true}]}}