{"id":595640,"date":"2023-09-14T00:05:04","date_gmt":"2023-09-14T06:05:04","guid":{"rendered":"https:\/\/www.diarioimagen.net\/?p=595640"},"modified":"2023-09-14T22:13:59","modified_gmt":"2023-09-15T04:13:59","slug":"luz-elemento-central-de-incidencia-luminica-propuesta-artistica-de-margarito-leyva","status":"publish","type":"post","link":"https:\/\/www.diarioimagen.net\/?p=595640","title":{"rendered":"Luz, elemento central de Incidencia lum\u00ednica, propuesta art\u00edstica de Margarito Leyva"},"content":{"rendered":"<p><em>\u00a0<\/em><\/p>\n<ul>\n<li><strong><em>La exposici\u00f3n estar\u00e1 abierta a la comunidad universitaria y p\u00fablico en general durante septiembre, octubre y noviembre, en el Laboratorio Cultural-Galer\u00eda D\u00e9lfica de la UAEM\u00e9x<\/em><\/strong><\/li>\n<\/ul>\n<p><strong>\u00a0<\/strong><\/p>\n<div id=\"attachment_595680\" style=\"width: 470px\" class=\"wp-caption aligncenter\"><a href=\"https:\/\/www.diarioimagen.net\/?attachment_id=595680\" rel=\"attachment wp-att-595680\"><img loading=\"lazy\" decoding=\"async\" aria-describedby=\"caption-attachment-595680\" class=\"size-full wp-image-595680\" src=\"https:\/\/www.diarioimagen.net\/wp-content\/uploads\/2023\/09\/uaem-luz.jpg\" alt=\"\" width=\"460\" height=\"270\" \/><\/a><p id=\"caption-attachment-595680\" class=\"wp-caption-text\">Est\u00e1 conformada por seis esculturas de gran formato, en las que la luz y el color son los protagonistas.<\/p><\/div>\n<p>&nbsp;<\/p>\n<p><strong>Toluca, Estado de M\u00e9xico.\u2014<\/strong> A trav\u00e9s de las perspectivas del arte escult\u00f3rico, las ciencias agr\u00edcolas y la f\u00edsica, el artista pl\u00e1stico Margarito Leyva aborda la uni\u00f3n de la luz y la ciencia para generar emociones y sensaciones mediante esculturas luminiscentes que se pueden apreciar en su exposici\u00f3n \u201cIncidencia lum\u00ednica\u201d, la cual est\u00e1 abierta en el Laboratorio Cultural-Galer\u00eda D\u00e9lfica de la Universidad Aut\u00f3noma del Estado de M\u00e9xico (UAEM\u00e9x), de septiembre a noviembre.<\/p>\n<p>\u201cIncidencia Lum\u00ednica\u201d est\u00e1 conformada por seis esculturas y se realiz\u00f3 con la intervenci\u00f3n de los catedr\u00e1ticos de la UAEM\u00e9x, Efra\u00edn Morales P\u00e9rez, de la Facultad de Ciencias Agr\u00edcolas, quien desarroll\u00f3 el tema \u201cLuz y germinaci\u00f3n\u201d, y Rebeca Vargas Sanabria, de la Facultad de Ciencias, quien desarroll\u00f3 el t\u00f3pico \u201cLuz como fen\u00f3meno f\u00edsico\u201d.<\/p>\n<p>La secretaria de Difusi\u00f3n Cultural de la UAEM\u00e9x, Mar\u00eda de las Mercedes Portilla Luja, tras realizar el corte del list\u00f3n inaugural de la exposici\u00f3n, refiri\u00f3 que el Laboratorio Cultural-Galer\u00eda D\u00e9lfica tiene como objetivo presentar y difundir el quehacer art\u00edstico contempor\u00e1neo de autoras y autores renombrados y emergentes a nivel nacional e internacional, a trav\u00e9s de diferentes expresiones pl\u00e1sticas, audiovisuales y sonoras, mostrando de una manera cr\u00edtica circunstancias sociales y formas\u00a0 de pensamiento.<\/p>\n<p>En ese sentido, indic\u00f3 que \u201cIncidencia Lum\u00ednica\u201d presenta una composici\u00f3n crom\u00e1tica para crear obras de curiosidad y asombro en piezas escult\u00f3ricas, a trav\u00e9s del juego de mezcla de color, junto con la libertad de participaci\u00f3n del espectador, elemento palpable y did\u00e1ctico que demuestra el comportamiento del color, la forma y la luz.<\/p>\n<p>\u201cNos dejar\u00e1 una reflexi\u00f3n y de ver c\u00f3mo desde la luz y de la parte lum\u00ednica tambi\u00e9n se generan conceptos, formas y reflexiones sobre lo que nos rodea y nuestros propios contextos y c\u00f3mo crear nuevos\u201d, dijo.<\/p>\n<p>En tanto, el artista refiri\u00f3 que su exposici\u00f3n se desarrolla a trav\u00e9s de fen\u00f3menos lum\u00ednicos con luz artificial, la cual se apropia para crear atm\u00f3sferas lum\u00ednicas con diferentes colores y formas en las esculturas y diversidad de material.<\/p>\n<p>Leyva comparti\u00f3 que la generaci\u00f3n de las esculturas le llev\u00f3 en promedio dos meses por pieza, buscando que la luz expuesta en diversos colores genere emociones y sensaciones en el espectador.<\/p>\n<p>\u201cEsta exposici\u00f3n es como una muestra de mi trayectoria, de todo lo que he atravesado y aprendido durantes estos 30 a\u00f1os\u201d, asegur\u00f3.<\/p>\n<p>Margarito Leyva es un artista y catedr\u00e1tico en la Facultad de Artes y Dise\u00f1o (FAD) de la Universidad Nacional Aut\u00f3noma de M\u00e9xico (UNAM), con aproximadamente 30 a\u00f1os de trayectoria, durante los cuales ha generado obra escult\u00f3rica con m\u00faltiples objetos.<\/p>\n<p>como material industrial, los cuales ha modificado para convertirlos en contenedores lum\u00ednicos. Leyva tambi\u00e9n modela el metal y acr\u00edlico, desarrollando piezas \u00fanicas donde la luz juega, se multiplica y se dispersa logrando c\u00e1lidas y din\u00e1micas atm\u00f3sferas.<\/p>\n<p>Su trabajo ha sido reconocido a nivel nacional e internacional, en pa\u00edses como Jap\u00f3n, entre otros.<\/p>\n<p>\u201cIncidencia lum\u00ednica\u201d est\u00e1 expuesta y abierta para la comunidad universitaria y p\u00fablico en general en el Laboratorio Cultural-Galer\u00eda D\u00e9lfica de la UAEM\u00e9x, ubicado en el Edificio UAEMITAS.<\/p>\n","protected":false},"excerpt":{"rendered":"<p>A trav\u00e9s de las perspectivas del arte escult\u00f3rico, las ciencias agr\u00edcolas y la f\u00edsica, el artista pl\u00e1stico Margarito Leyva aborda la uni\u00f3n de la luz y la ciencia para generar emociones y sensaciones mediante esculturas luminiscentes que se pueden apreciar en su exposici\u00f3n \u201cIncidencia lum\u00ednica\u201d, la cual est\u00e1 abierta en el Laboratorio Cultural-Galer\u00eda D\u00e9lfica de la Universidad Aut\u00f3noma del Estado de M\u00e9xico (UAEM\u00e9x), de septiembre a noviembre.<\/p>\n","protected":false},"author":3,"featured_media":595680,"comment_status":"open","ping_status":"open","sticky":false,"template":"","format":"standard","meta":{"_monsterinsights_skip_tracking":false,"_monsterinsights_sitenote_active":false,"_monsterinsights_sitenote_note":"","_monsterinsights_sitenote_category":0,"footnotes":""},"categories":[5],"tags":[98599,3497,67878],"class_list":["post-595640","post","type-post","status-publish","format-standard","has-post-thumbnail","hentry","category-estado-de-mexico","tag-luminica","tag-luz","tag-uaemex"],"_links":{"self":[{"href":"https:\/\/www.diarioimagen.net\/index.php?rest_route=\/wp\/v2\/posts\/595640","targetHints":{"allow":["GET"]}}],"collection":[{"href":"https:\/\/www.diarioimagen.net\/index.php?rest_route=\/wp\/v2\/posts"}],"about":[{"href":"https:\/\/www.diarioimagen.net\/index.php?rest_route=\/wp\/v2\/types\/post"}],"author":[{"embeddable":true,"href":"https:\/\/www.diarioimagen.net\/index.php?rest_route=\/wp\/v2\/users\/3"}],"replies":[{"embeddable":true,"href":"https:\/\/www.diarioimagen.net\/index.php?rest_route=%2Fwp%2Fv2%2Fcomments&post=595640"}],"version-history":[{"count":0,"href":"https:\/\/www.diarioimagen.net\/index.php?rest_route=\/wp\/v2\/posts\/595640\/revisions"}],"wp:featuredmedia":[{"embeddable":true,"href":"https:\/\/www.diarioimagen.net\/index.php?rest_route=\/wp\/v2\/media\/595680"}],"wp:attachment":[{"href":"https:\/\/www.diarioimagen.net\/index.php?rest_route=%2Fwp%2Fv2%2Fmedia&parent=595640"}],"wp:term":[{"taxonomy":"category","embeddable":true,"href":"https:\/\/www.diarioimagen.net\/index.php?rest_route=%2Fwp%2Fv2%2Fcategories&post=595640"},{"taxonomy":"post_tag","embeddable":true,"href":"https:\/\/www.diarioimagen.net\/index.php?rest_route=%2Fwp%2Fv2%2Ftags&post=595640"}],"curies":[{"name":"wp","href":"https:\/\/api.w.org\/{rel}","templated":true}]}}