{"id":595650,"date":"2023-09-14T00:02:53","date_gmt":"2023-09-14T06:02:53","guid":{"rendered":"https:\/\/www.diarioimagen.net\/?p=595650"},"modified":"2023-09-14T01:59:17","modified_gmt":"2023-09-14T07:59:17","slug":"el-frente-amplio-por-mexico-va-a-ganar-con-xochitl-galvez-dice-vargas-del-villar","status":"publish","type":"post","link":"https:\/\/www.diarioimagen.net\/?p=595650","title":{"rendered":"El Frente Amplio por M\u00e9xico va a ganar con X\u00f3chitl G\u00e1lvez, dice Vargas del Villar"},"content":{"rendered":"<p>&nbsp;<\/p>\n<ul>\n<li><em><strong>Que tiene el apoyo de todos los sectores<\/strong><\/em><\/li>\n<\/ul>\n<p><strong>\u00a0<\/strong><\/p>\n<h6>Arturo Baena<\/h6>\n<p>&nbsp;<\/p>\n<div id=\"attachment_595713\" style=\"width: 470px\" class=\"wp-caption aligncenter\"><a href=\"https:\/\/www.diarioimagen.net\/?attachment_id=595713\" rel=\"attachment wp-att-595713\"><img loading=\"lazy\" decoding=\"async\" aria-describedby=\"caption-attachment-595713\" class=\"size-full wp-image-595713\" src=\"https:\/\/www.diarioimagen.net\/wp-content\/uploads\/2023\/09\/frente-amplio.jpg\" alt=\"\" width=\"460\" height=\"270\" \/><\/a><p id=\"caption-attachment-595713\" class=\"wp-caption-text\">El panista Enrique Vargas del Villar reiter\u00f3 que X\u00f3chitl G\u00e1lvez cuenta con el respaldo y apoyo de l\u00edderes sociales, empresariales y diversos sectores de la sociedad.<\/p><\/div>\n<p>&nbsp;<\/p>\n<p><strong>Valle de M\u00e9xico.\u2014<\/strong> Enrique Vargas del Villar, coordinador de los diputados de Acci\u00f3n Nacional en el Estado de M\u00e9xico y fuerte aspirante al Senado de la Rep\u00fablica, reiter\u00f3 que X\u00f3chitl G\u00e1lvez, candidata del Frente Amplio por M\u00e9xico a la Presidencia de la Rep\u00fablica, cuenta con el respaldo y apoyo no s\u00f3lo de los mexiquenses, sino de l\u00edderes sociales, empresariales y diversos sectores de la sociedad en el pa\u00eds.<\/p>\n<p>\u201cSin duda que nuestra amiga X\u00f3chitl G\u00e1lvez, ante la decepci\u00f3n causada por el gobierno de AMLO, ha logrado en pocos meses ganar la simpat\u00eda y apoyo de miles y miles de mexicanos que la ubican como la rival a vencer\u201d, dijo.<\/p>\n<p>Vargas del Villar subray\u00f3 que el PAN, PRI y el PRD est\u00e1n s\u00f3lidos, y tienen la certeza de que X\u00f3chitl G\u00e1lvez es una mujer \u00edntegra, honesta, trabajadora, y cuenta con el talento para dirigir los destinos de M\u00e9xico.<\/p>\n<p>\u201cVamos a construir juntos el Frente Amplio por M\u00e9xico, con la suma de todas las voces, en unidad y pluralidad. \u00a1Unidos vamos a ganar!\u201d, dijo.<\/p>\n<p>El l\u00edder panista se\u00f1al\u00f3 que \u201clos panistas hemos demostrado nuestro enorme compromiso con el pa\u00eds\u201d, porque \u201csomos mexicanos que sabemos trabajar y avanzar unidos para construir en favor de la Naci\u00f3n\u201d.<\/p>\n<p>Por otra parte, Enrique Vargas expres\u00f3 que las puertas del Frente Amplio por M\u00e9xico est\u00e1n abiertas para Marcelo Ebrard.<\/p>\n<p>\u201cSiempre estamos abiertos para sumar. Creo que a Marcelo se la aplicaron en Morena\u201d, expres\u00f3. Enseguida, subray\u00f3 que Ebrard \u201ctiene la gran oportunidad de sumar del lado correcto de la historia\u201d.<\/p>\n<p>Lo importante para Marcelo, agreg\u00f3, \u201ces jugar del lado del Frente Amplio por M\u00e9xico\u201d.<\/p>\n","protected":false},"excerpt":{"rendered":"<p>Enrique Vargas del Villar, coordinador de los diputados de Acci\u00f3n Nacional en el Estado de M\u00e9xico y fuerte aspirante al Senado de la Rep\u00fablica, reiter\u00f3 que X\u00f3chitl G\u00e1lvez, candidata del Frente Amplio por M\u00e9xico a la Presidencia de la Rep\u00fablica, cuenta con el respaldo y apoyo no s\u00f3lo de los mexiquenses, sino de l\u00edderes sociales, empresariales y diversos sectores de la sociedad en el pa\u00eds.<\/p>\n","protected":false},"author":3,"featured_media":595713,"comment_status":"open","ping_status":"open","sticky":false,"template":"","format":"standard","meta":{"_monsterinsights_skip_tracking":false,"_monsterinsights_sitenote_active":false,"_monsterinsights_sitenote_note":"","_monsterinsights_sitenote_category":0,"footnotes":""},"categories":[5],"tags":[47218,72791,4787],"class_list":["post-595650","post","type-post","status-publish","format-standard","has-post-thumbnail","hentry","category-estado-de-mexico","tag-enrique-vargas-del-villar","tag-ganar","tag-xochitl-galvez-ruiz"],"_links":{"self":[{"href":"https:\/\/www.diarioimagen.net\/index.php?rest_route=\/wp\/v2\/posts\/595650","targetHints":{"allow":["GET"]}}],"collection":[{"href":"https:\/\/www.diarioimagen.net\/index.php?rest_route=\/wp\/v2\/posts"}],"about":[{"href":"https:\/\/www.diarioimagen.net\/index.php?rest_route=\/wp\/v2\/types\/post"}],"author":[{"embeddable":true,"href":"https:\/\/www.diarioimagen.net\/index.php?rest_route=\/wp\/v2\/users\/3"}],"replies":[{"embeddable":true,"href":"https:\/\/www.diarioimagen.net\/index.php?rest_route=%2Fwp%2Fv2%2Fcomments&post=595650"}],"version-history":[{"count":0,"href":"https:\/\/www.diarioimagen.net\/index.php?rest_route=\/wp\/v2\/posts\/595650\/revisions"}],"wp:featuredmedia":[{"embeddable":true,"href":"https:\/\/www.diarioimagen.net\/index.php?rest_route=\/wp\/v2\/media\/595713"}],"wp:attachment":[{"href":"https:\/\/www.diarioimagen.net\/index.php?rest_route=%2Fwp%2Fv2%2Fmedia&parent=595650"}],"wp:term":[{"taxonomy":"category","embeddable":true,"href":"https:\/\/www.diarioimagen.net\/index.php?rest_route=%2Fwp%2Fv2%2Fcategories&post=595650"},{"taxonomy":"post_tag","embeddable":true,"href":"https:\/\/www.diarioimagen.net\/index.php?rest_route=%2Fwp%2Fv2%2Ftags&post=595650"}],"curies":[{"name":"wp","href":"https:\/\/api.w.org\/{rel}","templated":true}]}}